{"id":6527,"date":"2018-08-10T09:58:46","date_gmt":"2018-08-10T12:58:46","guid":{"rendered":"http:\/\/www.toque-musicall.com\/?p=6527"},"modified":"2018-09-01T10:00:48","modified_gmt":"2018-09-01T13:00:48","slug":"lyrio-panicalli-e-o-sucesso-1969","status":"publish","type":"post","link":"https:\/\/www.toque-musicall.com\/?p=6527","title":{"rendered":"Lyrio Panicalli &#8211; E O Sucesso (1969)"},"content":{"rendered":"<p><img loading=\"lazy\" decoding=\"async\" class=\"aligncenter size-large\" src=\"https:\/\/1.bp.blogspot.com\/-9H9jJCDjc4k\/W3Qu_GNhq8I\/AAAAAAAAPNc\/_NX1i6IHjuE6r4WFzV3TpkxDbw6U-h-zQCLcBGAs\/s640\/capap.JPG\" width=\"639\" height=\"640\" \/><img loading=\"lazy\" decoding=\"async\" class=\"aligncenter size-large\" src=\"https:\/\/2.bp.blogspot.com\/-95yUvEfXWT8\/W3Qu_CV2AFI\/AAAAAAAAPNY\/Qj_5R9CR6eIJM23iS9f6prO_ZrlxfzgNgCLcBGAs\/s640\/contrap.JPG\" width=\"637\" height=\"640\" \/><\/p>\n<p>Maestro, arranjador e pianista, al\u00e9m de compositor, LyrioPanicalli volta a bater ponto hoje aqui no TM. Ele veio ao mundo na cidade de Queluz, interior de S\u00e3o Paulo, em 26 de junho de 1906. Filho de imigrantes italianos, aos 12 anos transferiu-se para S\u00e3o Paulo, ingressando no Liceu Cora\u00e7\u00e3o de Jesus e depois no Conservat\u00f3rio Dram\u00e1tico e Musical da cidade. Em 1922, j\u00e1 no Rio de Janeiro, estudou no Instituto Nacional de M\u00fasica, e foi maestro e pianista da Companhia Negra de Revista. \u00c9 quando conhece Lamartine Babo, e comp\u00f5e com ele o fox \u201cSaias curtas\u201d. Por raz\u00f5es familiares, teve de voltar \u00e0 Queluz natal, onde desenvolveu intensa atividade musical, organizando bandas e coros. Regressando \u00e0 capital paulista, come\u00e7ou a trabalhar na R\u00e1dio S\u00e3o Paulo, desta passando, em 1938, para a lend\u00e1ria Nacional do Rio de Janeiro, onde participou do programa \u201cCan\u00e7\u00e3o antiga\u201d, de Almirante. Nesse ano, organizou uma orquestra mel\u00f3dica com seu nome, e desde ent\u00e3o escreveu temas para diversas novelas da PRE-8, como as valsas \u201cEncantamento\u201d, \u201cMagia\u201d e \u201cTernura\u201d. Em 1939, faz seu primeiro trabalho para o cinema: a trilha sonora do filme \u201cAves sem ninhos\u201d, de Raul Roulien. Depois, faz o roteiro musical de in\u00fameros outros filmes, tais como \u201cMoleque Ti\u00e3o\u201d (1943), \u201cA dupla do barulho\u201d (1953) e \u201cNem Sans\u00e3o, nem Dalila\u201d (1954), os tr\u00eas da lend\u00e1ria Atl\u00e2ntida. Panicalli tamb\u00e9m foi um dos fundadores, em 1950, da gravadora Sinter (hoje Universal Music), onde foi diretor art\u00edstico e gravou seu primeiro LP, \u201cOrquestra Mel\u00f3dica de LyrioPanicalli\u201d. Idealizou com Paulo Roberto, na R\u00e1dio Nacional, o famoso programa \u201cLyra de Xopot\u00f3\u201d, sobre bandas do interior do Brasil, de que resultou uma s\u00e9rie de LPs com o mesmo t\u00edtulo, alguns deles j\u00e1 postados aqui no TM. Foi ainda maestro contratado da R\u00e1dio MEC, tamb\u00e9m do Rio, e enriqueceu, com seus arranjos e reg\u00eancias, as grava\u00e7\u00f5es de v\u00e1rios cantores brasileiros, tais como Francisco Alves, Dalva de Oliveira, S\u00edlvio Caldas, Orlando Silva, Cauby Peixoto, Tito Madi e S\u00e9rgio Murilo, \u00e0s vezes usando o pseud\u00f4nimo de Bob Rose. Com a populariza\u00e7\u00e3o das telenovelas, nos anos 1960, escreveu trilhas sonoras para v\u00e1rias delas, trabalho esse resumido, em 1972, no disco \u201cPanicalli e as novelas\u201d. Faleceu em 29 de novembro de 1984, em Niter\u00f3i, litoral fluminense, aos 78 anos de idade. Al\u00e9m dos discos da Lyra de Xopot\u00f3, o TM j\u00e1 postou outros trabalhos que tiveram o dedo do mestre LyrioPanicalli: \u201cCantigas de roda\u201d, \u201cNova dimens\u00e3o\u201d, \u201cBoleros\u201d (regendo a Orquestra Violinos de Ouro) e \u201cPanicalli italiano\u201d. Agora trazemos, para desfrute de nossos amigos cultos e ocultos, um \u00e1lbum que a Odeon, gravadora \u00e0 qual o maestro esteve vinculado durante bastante tempo, lan\u00e7ou em 1969. Trata-se de \u201cLyrioPanicalli e o sucesso\u201d, gravado sob a dire\u00e7\u00e3o de produ\u00e7\u00e3o de M\u00edlton Miranda. Aqui, ele investe na linha dan\u00e7ante, apresentando com sua orquestra doze sucessos nacionais e internacionais daquele ano, destacando-se \u201cEu disse adeus\u201d (do repert\u00f3rio de Roberto Carlos), \u201cSugar sugar\u201d (de um conjunto americano do \u201cfaz de conta\u201d, The Archies), \u201cF&#8230; commefemme\u2019 (de Salvatore Adamo, tema da novela \u201cBeto Rockfeller\u201d, da extinta Tupi),\u00a0 \u201cI started a joke\u2019 (dos Bee Gees, tema da mesma novela), \u201cCantiga por Luciana\u201d (vencedora do FIC de 69, na voz de Evinha), \u201cAquarius\u201d (da pe\u00e7a \u201cHair\u201d), \u201cLove isall\u201d (tamb\u00e9m do FIC de 69, sucesso do brit\u00e2nico Malcolm Roberts) e \u201cEvie\u201d (que, na voz de Johnny Mathis, seria mais tarde prefixo do jornal \u201cHoje\u201d, da Globo). Enfim, mais um \u00e1lbum do mestre LyrioPanicalli que o TM oferece, verdadeiro e irresist\u00edvel convite \u00e0 dan\u00e7a. Que comece a festa&#8230;<\/p>\n<div style=\"text-align: center;\">i started\u00a0 a joke<\/div>\n<div style=\"text-align: center;\">evie<\/div>\n<div style=\"text-align: center;\">stormy<\/div>\n<div style=\"text-align: center;\">cantiga para luciana<\/div>\n<div style=\"text-align: center;\">aquarius<\/div>\n<div style=\"text-align: center;\">daydream<\/div>\n<div style=\"text-align: center;\">eu disse<\/div>\n<div style=\"text-align: center;\">love is all<\/div>\n<div style=\"text-align: center;\">ser\u00e1 ser\u00e1..<\/div>\n<div style=\"text-align: center;\">f&#8230; comme femme<\/div>\n<div style=\"text-align: center;\">goodbye<\/div>\n<div style=\"text-align: center;\">sugar sugar<\/div>\n<p>*Texto de Samuel Machado Filho<\/p>\n","protected":false},"excerpt":{"rendered":"<p>Maestro, arranjador e pianista, al\u00e9m de compositor, LyrioPanicalli volta a bater ponto hoje aqui no TM. Ele veio ao mundo na cidade de Queluz, interior de S\u00e3o Paulo, em 26 de junho de 1906. Filho de imigrantes italianos, aos 12 &hellip; <a href=\"https:\/\/www.toque-musicall.com\/?p=6527\">Continue lendo <span class=\"meta-nav\">&rarr;<\/span><\/a><\/p>\n","protected":false},"author":1,"featured_media":0,"comment_status":"open","ping_status":"closed","sticky":false,"template":"","format":"standard","meta":{"footnotes":""},"categories":[387,86,1],"tags":[],"class_list":["post-6527","post","type-post","status-publish","format-standard","hentry","category-lyrio-panicali","category-selo-odeon","category-sem-categoria"],"_links":{"self":[{"href":"https:\/\/www.toque-musicall.com\/index.php?rest_route=\/wp\/v2\/posts\/6527","targetHints":{"allow":["GET"]}}],"collection":[{"href":"https:\/\/www.toque-musicall.com\/index.php?rest_route=\/wp\/v2\/posts"}],"about":[{"href":"https:\/\/www.toque-musicall.com\/index.php?rest_route=\/wp\/v2\/types\/post"}],"author":[{"embeddable":true,"href":"https:\/\/www.toque-musicall.com\/index.php?rest_route=\/wp\/v2\/users\/1"}],"replies":[{"embeddable":true,"href":"https:\/\/www.toque-musicall.com\/index.php?rest_route=%2Fwp%2Fv2%2Fcomments&post=6527"}],"version-history":[{"count":2,"href":"https:\/\/www.toque-musicall.com\/index.php?rest_route=\/wp\/v2\/posts\/6527\/revisions"}],"predecessor-version":[{"id":6529,"href":"https:\/\/www.toque-musicall.com\/index.php?rest_route=\/wp\/v2\/posts\/6527\/revisions\/6529"}],"wp:attachment":[{"href":"https:\/\/www.toque-musicall.com\/index.php?rest_route=%2Fwp%2Fv2%2Fmedia&parent=6527"}],"wp:term":[{"taxonomy":"category","embeddable":true,"href":"https:\/\/www.toque-musicall.com\/index.php?rest_route=%2Fwp%2Fv2%2Fcategories&post=6527"},{"taxonomy":"post_tag","embeddable":true,"href":"https:\/\/www.toque-musicall.com\/index.php?rest_route=%2Fwp%2Fv2%2Ftags&post=6527"}],"curies":[{"name":"wp","href":"https:\/\/api.w.org\/{rel}","templated":true}]}}