{"id":653,"date":"2010-11-02T17:37:00","date_gmt":"2010-11-02T17:37:00","guid":{"rendered":"http:\/\/www.toque-musicall.com\/?p=653"},"modified":"2010-11-02T17:37:00","modified_gmt":"2010-11-02T17:37:00","slug":"joe-carter-with-nilson-matta-2for2-2000","status":"publish","type":"post","link":"https:\/\/www.toque-musicall.com\/?p=653","title":{"rendered":"Joe Carter With Nilson Matta &#8211; 2for2 (2000)"},"content":{"rendered":"<p><a href=\"http:\/\/1.bp.blogspot.com\/_DSKVEvHtskc\/TNBM4OVW3gI\/AAAAAAAAHQg\/dmRTBh_taY0\/s1600\/folder.jpg\"><img decoding=\"async\" style=\"TEXT-ALIGN: center; MARGIN: 0px auto 10px; WIDTH: 391px; DISPLAY: block; HEIGHT: 400px; CURSOR: hand\" id=\"BLOGGER_PHOTO_ID_5535008470842400258\" border=\"0\" alt=\"\" src=\"http:\/\/1.bp.blogspot.com\/_DSKVEvHtskc\/TNBM4OVW3gI\/AAAAAAAAHQg\/dmRTBh_taY0\/s400\/folder.jpg\" \/><\/a> Ol\u00e1s! O dia hoje, por aqui, est\u00e1 cinzento. N\u00e3o animei nem a botar o p\u00e9 para fora de casa. O tempo est\u00e1 bom para ficar na cama, vendo algum filme na televis\u00e3o. Ou melhor ainda, ouvindo uma boa m\u00fasica e de papo pro ar. Eu estou fazendo a minha parte \ud83d\ude09<br \/>Acabei de ouvir (e por mais uma vez) este disco bacana, de um dos nossos ilustres amigos (cultos) visitantes, o violonista americano <a href=\"http:\/\/www.joecartermusic.com\/\">Joe Carter<\/a>. Ele gentilmente me enviou e autorizou a publica\u00e7\u00e3o do trabalho aqui no Toque Musical. O disco, em formato cd, foi lan\u00e7ado nos Estados Unidos em 2000. &#8220;2for2&#8221; \u00e9 um cd em parceria com o baixista brasileiro <a href=\"http:\/\/www.nilsonmatta.com\/Home.html\">Nilson Matta<\/a>, radicado nos &#8220;States&#8221; desde a d\u00e9cada de 80. Um trabalho ac\u00fastico, somente contrabaixo e viol\u00e3o. No repert\u00f3rio eles trazem, al\u00e9m de m\u00fasicas pr\u00f3prias, coisas de Noel Rosa, Baden Powell e Vin\u00edcius de Moraes, Tom Jobim, Dolores Duran, Carlos Lyra e Maur\u00edcio Einhorn. Joe Carter \u00e9 um m\u00fasico de forma\u00e7\u00e3o jazz\u00edstica. \u00c9 professor de viol\u00e3o e tamb\u00e9m escreve sobre o assunto. Tornou-se ainda mais apaixonado pela m\u00fasica brasileira depois de ter vindo ao pa\u00eds na d\u00e9cada de 80. Nilson Matta \u00e9 tamb\u00e9m um m\u00fasico fera, com larga experi\u00eancia profissional, j\u00e1 tocou com muita figurinha carimbada da m\u00fasica instrumental e jazz, tanto no Brasil como nos Estados Unidos. Ele integra o renomado <a href=\"http:\/\/triodapaz.com\/\">Trio da Paz<\/a>, formado tamb\u00e9m por Romero Lubano e Duduka Fonseca.<br \/>N\u00e3o sei se por brincadeira ou mesmo pela humildade, ao me enviar o disco o Joe disse, que ter o seu trabalho no Toque Musical o faria famoso. Hehehe&#8230; A minha rec\u00edproca, talvez seja mais verdadeira. \ud83d\ude42<\/p>\n<div align=\"center\">feitio de ora\u00e7\u00e3o<\/div>\n<div align=\"center\">papa&#8217;s bai\u00e3o<\/div>\n<div align=\"center\">luciana<\/div>\n<div align=\"center\">olinda<\/div>\n<div align=\"center\">l\u00edgia<\/div>\n<div align=\"center\">influ\u00eancia do jazz<\/div>\n<div align=\"center\">berimbau<\/div>\n<div align=\"center\">feiti\u00e7o da vila<\/div>\n<div align=\"center\">nascente<\/div>\n<div align=\"center\">do you remember that picture, chic\u00e7\u00e3o?<\/div>\n<div align=\"center\">estrada do sol<\/div>\n<div align=\"center\"> <\/div>\n<div align=\"center\"> <\/div>\n","protected":false},"excerpt":{"rendered":"<p>Ol\u00e1s! O dia hoje, por aqui, est\u00e1 cinzento. N\u00e3o animei nem a botar o p\u00e9 para fora de casa. O tempo est\u00e1 bom para ficar na cama, vendo algum filme na televis\u00e3o. Ou melhor ainda, ouvindo uma boa m\u00fasica e &hellip; <a href=\"https:\/\/www.toque-musicall.com\/?p=653\">Continue lendo <span class=\"meta-nav\">&rarr;<\/span><\/a><\/p>\n","protected":false},"author":1,"featured_media":0,"comment_status":"open","ping_status":"closed","sticky":false,"template":"","format":"standard","meta":{"footnotes":""},"categories":[959,960],"tags":[],"class_list":["post-653","post","type-post","status-publish","format-standard","hentry","category-joe-carter","category-nilson-matta"],"_links":{"self":[{"href":"https:\/\/www.toque-musicall.com\/index.php?rest_route=\/wp\/v2\/posts\/653","targetHints":{"allow":["GET"]}}],"collection":[{"href":"https:\/\/www.toque-musicall.com\/index.php?rest_route=\/wp\/v2\/posts"}],"about":[{"href":"https:\/\/www.toque-musicall.com\/index.php?rest_route=\/wp\/v2\/types\/post"}],"author":[{"embeddable":true,"href":"https:\/\/www.toque-musicall.com\/index.php?rest_route=\/wp\/v2\/users\/1"}],"replies":[{"embeddable":true,"href":"https:\/\/www.toque-musicall.com\/index.php?rest_route=%2Fwp%2Fv2%2Fcomments&post=653"}],"version-history":[{"count":0,"href":"https:\/\/www.toque-musicall.com\/index.php?rest_route=\/wp\/v2\/posts\/653\/revisions"}],"wp:attachment":[{"href":"https:\/\/www.toque-musicall.com\/index.php?rest_route=%2Fwp%2Fv2%2Fmedia&parent=653"}],"wp:term":[{"taxonomy":"category","embeddable":true,"href":"https:\/\/www.toque-musicall.com\/index.php?rest_route=%2Fwp%2Fv2%2Fcategories&post=653"},{"taxonomy":"post_tag","embeddable":true,"href":"https:\/\/www.toque-musicall.com\/index.php?rest_route=%2Fwp%2Fv2%2Ftags&post=653"}],"curies":[{"name":"wp","href":"https:\/\/api.w.org\/{rel}","templated":true}]}}