{"id":654,"date":"2010-11-01T13:46:00","date_gmt":"2010-11-01T13:46:00","guid":{"rendered":"http:\/\/www.toque-musicall.com\/?p=654"},"modified":"2010-11-01T13:46:00","modified_gmt":"2010-11-01T13:46:00","slug":"luis-agudo-afonso-vieira-jazz-a-confronto-33-1976","status":"publish","type":"post","link":"https:\/\/www.toque-musicall.com\/?p=654","title":{"rendered":"Luis Agudo &#038; Afonso Vieira &#8211; Jazz A Confronto 33 (1976)"},"content":{"rendered":"<p><a href=\"http:\/\/2.bp.blogspot.com\/_DSKVEvHtskc\/TM7E0smTLgI\/AAAAAAAAHQU\/yjbt1Hu5Yvs\/s1600\/Luis+Agudo+&#038;+Afonso+Vieira+P.JPG\"><img decoding=\"async\" style=\"TEXT-ALIGN: center; MARGIN: 0px auto 10px; WIDTH: 398px; DISPLAY: block; HEIGHT: 400px; CURSOR: hand\" id=\"BLOGGER_PHOTO_ID_5534577401688960514\" border=\"0\" alt=\"\" src=\"http:\/\/2.bp.blogspot.com\/_DSKVEvHtskc\/TM7E0smTLgI\/AAAAAAAAHQU\/yjbt1Hu5Yvs\/s400\/Luis+Agudo+&#038;+Afonso+Vieira+P.JPG\" \/><\/a>Ol\u00e1, amigos cultos e ocultos! Estamos para iniciar um novo Governo em nosso pa\u00eds. Independente da diverg\u00eancias pol\u00edticas, desejo a todos n\u00f3s brasileiros muita sorte. Escolher entre esses dois candidatos o que melhor poderia representar o Brasil n\u00e3o foi f\u00e1cil. Agora \u00e9 esperar&#8230;<br \/>Abrindo uma nova semana de postagens, eu desta vez vou fazer um mexid\u00e3o para agradar tucanos, estrelas e indecisos. Vamos ver se a gente consegue fazer uma bela colcha de retalhos.<br \/>Eu ontem, procurando na rede por discos do genial compositor italiano, Piero Umiliani, acabei descobrindo um blog de jazz super bacana. Trata-se do <a href=\"http:\/\/hororecords.blogspot.com\/\">Jazz A Confronto<\/a>, um espa\u00e7o dedicado aos famosos discos do selo italiano HORO Records. Este selo surgiu no in\u00edcio dos anos 70 atrav\u00e9s do cineasta e produtor Aldo Sinesio, um apaixonado por jazz. A s\u00e9rie &#8220;Jazz A Confronto&#8221;, pelo que eu li no blog, teve 35 t\u00edtulos, realizados de 1972 a 76. Uma boa m\u00e9dia em apenas cinco anos.<br \/>H\u00e1 tempos atr\u00e1s eu tive um disco deste selo, mas nunca encontrei outros da s\u00e9rie. S\u00e3o importados e hoje em dia muito mais raros. Felizmente, meio sem querer, acabei descobrindo a fonte e como dizem por a\u00ed, estou que nem pinto no lixo, baixando tudo antes que o seu autor mude de ideia. Entre os diversos \u00e1lbuns h\u00e1 alguns que levam uma pitada brasileira. M\u00fasicos de alto n\u00edvel que sa\u00edram do Brasil para tentar a sorte na Europa. Artistas que por aqui a gente nem lembrava mais. Mas vamos recordar&#8230; Pretendo ainda nesta semana postar um do Irio de Paula (lembram dele?).<br \/>Para come\u00e7ar, vai aqui um disco que eu fiquei de cara. A sensa\u00e7\u00e3o foi a mesma de quando eu ouvi pela primeira vez &#8220;<a href=\"http:\/\/toque-musicall.blogspot.com\/search\/label\/Pedro%20Santos\">Krishnanda<\/a>&#8221; do Pedro (Sorongo) Santos. Um &#8216;disbunde sonoro&#8217; que me encantou e com certeza vai encantar voc\u00eas tamb\u00e9m. Me fez lembrar outro, os primeiros tempos do Nan\u00e1 gravando pela ECM. O disco em quest\u00e3o \u00e9 de uma dupla percurssiva. <a href=\"http:\/\/www.discogs.com\/artist\/Luis+Agudo\">Luis Agudo<\/a> \u00e9 um percussionista argentino, bastante familiarizado com os ritmos brasileiros. Ele aqui faz parceria com o mineirinho l\u00e1 de Cataguases, o baterista <a href=\"http:\/\/www.myspace.com\/afonso_vieira\">Afonso Vieira<\/a> (lembram dele tamb\u00e9m?). Este, come\u00e7ou a carreira sendo &#8216;apadrinhando&#8217; pela cantora Sylvia Telles. Trabalhou com os mais diversos artistas da m\u00fasica mundial. Tem um curr\u00edculo de dar inveja. \u00c9 um artista brasileiro respeitad\u00edssimo l\u00e1 fora. Voc\u00eas precisam conferir&#8230; \ud83d\ude09<\/p>\n<div align=\"center\">jorge do pandeiro<\/div>\n<div align=\"center\">sumar\u00e9<\/div>\n<div align=\"center\">coacatu<\/div>\n<div align=\"center\">bachicha<\/div>\n<div align=\"center\">floresta<\/div>\n<div align=\"center\">agueira<\/div>\n<div align=\"center\"><\/div>\n<div align=\"center\"><\/div>\n","protected":false},"excerpt":{"rendered":"<p>Ol\u00e1, amigos cultos e ocultos! Estamos para iniciar um novo Governo em nosso pa\u00eds. Independente da diverg\u00eancias pol\u00edticas, desejo a todos n\u00f3s brasileiros muita sorte. Escolher entre esses dois candidatos o que melhor poderia representar o Brasil n\u00e3o foi f\u00e1cil. &hellip; <a href=\"https:\/\/www.toque-musicall.com\/?p=654\">Continue lendo <span class=\"meta-nav\">&rarr;<\/span><\/a><\/p>\n","protected":false},"author":1,"featured_media":0,"comment_status":"open","ping_status":"closed","sticky":false,"template":"","format":"standard","meta":{"footnotes":""},"categories":[957],"tags":[],"class_list":["post-654","post","type-post","status-publish","format-standard","hentry","category-afonso-vieira"],"_links":{"self":[{"href":"https:\/\/www.toque-musicall.com\/index.php?rest_route=\/wp\/v2\/posts\/654","targetHints":{"allow":["GET"]}}],"collection":[{"href":"https:\/\/www.toque-musicall.com\/index.php?rest_route=\/wp\/v2\/posts"}],"about":[{"href":"https:\/\/www.toque-musicall.com\/index.php?rest_route=\/wp\/v2\/types\/post"}],"author":[{"embeddable":true,"href":"https:\/\/www.toque-musicall.com\/index.php?rest_route=\/wp\/v2\/users\/1"}],"replies":[{"embeddable":true,"href":"https:\/\/www.toque-musicall.com\/index.php?rest_route=%2Fwp%2Fv2%2Fcomments&post=654"}],"version-history":[{"count":0,"href":"https:\/\/www.toque-musicall.com\/index.php?rest_route=\/wp\/v2\/posts\/654\/revisions"}],"wp:attachment":[{"href":"https:\/\/www.toque-musicall.com\/index.php?rest_route=%2Fwp%2Fv2%2Fmedia&parent=654"}],"wp:term":[{"taxonomy":"category","embeddable":true,"href":"https:\/\/www.toque-musicall.com\/index.php?rest_route=%2Fwp%2Fv2%2Fcategories&post=654"},{"taxonomy":"post_tag","embeddable":true,"href":"https:\/\/www.toque-musicall.com\/index.php?rest_route=%2Fwp%2Fv2%2Ftags&post=654"}],"curies":[{"name":"wp","href":"https:\/\/api.w.org\/{rel}","templated":true}]}}