{"id":6541,"date":"2018-09-05T23:50:46","date_gmt":"2018-09-06T02:50:46","guid":{"rendered":"http:\/\/www.toque-musicall.com\/?p=6541"},"modified":"2018-10-08T00:10:10","modified_gmt":"2018-10-08T03:10:10","slug":"joao-assis-brasil-piano-1986","status":"publish","type":"post","link":"https:\/\/www.toque-musicall.com\/?p=6541","title":{"rendered":"Jo\u00e3o Assis Brasil &#8211; Piano (1986)"},"content":{"rendered":"<p><img loading=\"lazy\" decoding=\"async\" class=\"aligncenter size-large\" src=\"https:\/\/1.bp.blogspot.com\/-qqlqZSs4xsc\/W7rDlsV0JHI\/AAAAAAAAPQw\/vYPmd0G3V6QhfxssFb4P0sikZac2hWeTgCLcBGAs\/s640\/capap.JPG\" width=\"637\" height=\"640\" \/><img loading=\"lazy\" decoding=\"async\" class=\"aligncenter size-large\" src=\"https:\/\/3.bp.blogspot.com\/-Hzfk-SS383s\/W7rDlLHsHOI\/AAAAAAAAPQs\/QyAMiV3yCw43OHv3XGNNbtWhhUfPPF9gwCLcBGAs\/s640\/contrap.JPG\" width=\"637\" height=\"640\" \/><\/p>\n<p>Ex\u00edmio compositor e pianista, Jo\u00e3o Carlos Assis Brasil volta a bater ponto aqui no TM. Dele j\u00e1 oferecemos o \u00e1lbum \u201cSelf portrait\u201d, de 1988, em que interpreta composi\u00e7\u00f5es de seu irm\u00e3o g\u00eameo Victor Assis Brasil, um dos maiores saxofonistas que o Brasil j\u00e1 teve, prematuramente desaparecido em 1981. Pois o trabalho que o TM hoje oferece a seus amigos cultos e ocultos \u00e9 outro disco de excelente qualidade lan\u00e7ado pela Kuarup. \u00c9 \u201cJazz Brasil\u201d, gravado ao vivo na Sala Cec\u00edlia Meirelles, do Rio, em janeiro de 1986, com produ\u00e7\u00e3o do sempre experiente M\u00e1rio de Aratanha. Neste trabalho, Jo\u00e3o Carlos contou com a participa\u00e7\u00e3o especial\u00edssima de Wagner Tiso, com quem executa a faixa \u201cChorava\u201d. O repert\u00f3rio, acrescentando aos elementos do jazzritmos como bai\u00e3o, choro, forr\u00f3, etc., inclui quatro composi\u00e7\u00f5es de Victor Assis Brasil, irm\u00e3o g\u00eameo de Jo\u00e3o: \u201cSteps\u201d (aqui apresentada pela primeira vez em disco), as valsas\u201cWaltzing\u201d, e \u201cWaving\u201d e o bai\u00e3o-jazz \u201cArroio\u201d. Temos ainda dois trabalhos do maestro Radam\u00e9s Gnattali, \u201cManeirando\u201d (aqui tamb\u00e9m em seu primeiro registro fonogr\u00e1fico) e \u201cNegaceando\u201d, al\u00e9m de uma su\u00edte-homenagem a Tom Jobim, incluindo sete de seus mais expressivos trabalhos, como \u201cWave\u201d, \u201cSamba de uma nota s\u00f3\u201d e \u201cEstrada branca\u201d. Segundo o pr\u00f3prio Jo\u00e3o, \u201cum improviso-homenagem , com a marca de minha paix\u00e3o profunda por quem considero ser o maior compositor brasileiro de todos os tempos\u201d. Finalizando, \u201cAos velhos amigos\u201d, composi\u00e7\u00e3o de Wagner Tiso. \u00a0Tudo isso reafirmando o virtuosismo e a t\u00e9cnica de Jo\u00e3o Carlos Assis Brasil, pianista cujas teclas se ambientam com igual destreza entre o erudito, o popular e o limiar entre ambos. \u00c9 s\u00f3 conferir&#8230;<\/p>\n<div style=\"text-align: center;\">steps<\/div>\n<div style=\"text-align: center;\">waltzing<\/div>\n<div style=\"text-align: center;\">arroio<\/div>\n<div style=\"text-align: center;\">waving<\/div>\n<div style=\"text-align: center;\">chorava<\/div>\n<div style=\"text-align: center;\">maneirando<\/div>\n<div style=\"text-align: center;\">sobre tom<\/div>\n<div style=\"text-align: center;\">negaceando<\/div>\n<div style=\"text-align: center;\">aos velhos amigos<\/div>\n<p>*Texto de Samuel Machado Filho<\/p>\n","protected":false},"excerpt":{"rendered":"<p>Ex\u00edmio compositor e pianista, Jo\u00e3o Carlos Assis Brasil volta a bater ponto aqui no TM. Dele j\u00e1 oferecemos o \u00e1lbum \u201cSelf portrait\u201d, de 1988, em que interpreta composi\u00e7\u00f5es de seu irm\u00e3o g\u00eameo Victor Assis Brasil, um dos maiores saxofonistas que &hellip; <a href=\"https:\/\/www.toque-musicall.com\/?p=6541\">Continue lendo <span class=\"meta-nav\">&rarr;<\/span><\/a><\/p>\n","protected":false},"author":1,"featured_media":0,"comment_status":"open","ping_status":"closed","sticky":false,"template":"","format":"standard","meta":{"footnotes":""},"categories":[2173,121],"tags":[],"class_list":["post-6541","post","type-post","status-publish","format-standard","hentry","category-joao-carlos-assis-brasil","category-selo-kuarup"],"_links":{"self":[{"href":"https:\/\/www.toque-musicall.com\/index.php?rest_route=\/wp\/v2\/posts\/6541","targetHints":{"allow":["GET"]}}],"collection":[{"href":"https:\/\/www.toque-musicall.com\/index.php?rest_route=\/wp\/v2\/posts"}],"about":[{"href":"https:\/\/www.toque-musicall.com\/index.php?rest_route=\/wp\/v2\/types\/post"}],"author":[{"embeddable":true,"href":"https:\/\/www.toque-musicall.com\/index.php?rest_route=\/wp\/v2\/users\/1"}],"replies":[{"embeddable":true,"href":"https:\/\/www.toque-musicall.com\/index.php?rest_route=%2Fwp%2Fv2%2Fcomments&post=6541"}],"version-history":[{"count":1,"href":"https:\/\/www.toque-musicall.com\/index.php?rest_route=\/wp\/v2\/posts\/6541\/revisions"}],"predecessor-version":[{"id":6542,"href":"https:\/\/www.toque-musicall.com\/index.php?rest_route=\/wp\/v2\/posts\/6541\/revisions\/6542"}],"wp:attachment":[{"href":"https:\/\/www.toque-musicall.com\/index.php?rest_route=%2Fwp%2Fv2%2Fmedia&parent=6541"}],"wp:term":[{"taxonomy":"category","embeddable":true,"href":"https:\/\/www.toque-musicall.com\/index.php?rest_route=%2Fwp%2Fv2%2Fcategories&post=6541"},{"taxonomy":"post_tag","embeddable":true,"href":"https:\/\/www.toque-musicall.com\/index.php?rest_route=%2Fwp%2Fv2%2Ftags&post=6541"}],"curies":[{"name":"wp","href":"https:\/\/api.w.org\/{rel}","templated":true}]}}