{"id":655,"date":"2010-10-31T19:26:00","date_gmt":"2010-10-31T19:26:00","guid":{"rendered":"http:\/\/www.toque-musicall.com\/?p=655"},"modified":"2010-10-31T19:26:00","modified_gmt":"2010-10-31T19:26:00","slug":"balona-e-seu-conjunto-garota-de-ipanema-1967","status":"publish","type":"post","link":"https:\/\/www.toque-musicall.com\/?p=655","title":{"rendered":"Balona e Seu Conjunto &#8211; Garota de Ipanema (1967)"},"content":{"rendered":"<p><a href=\"http:\/\/1.bp.blogspot.com\/_DSKVEvHtskc\/TM3DP5EGiII\/AAAAAAAAHPw\/tPOvEG81oGg\/s1600\/balona+P.JPG\"><img decoding=\"async\" style=\"TEXT-ALIGN: center; MARGIN: 0px auto 10px; WIDTH: 400px; DISPLAY: block; HEIGHT: 396px; CURSOR: hand\" id=\"BLOGGER_PHOTO_ID_5534294194891688066\" border=\"0\" alt=\"\" src=\"http:\/\/1.bp.blogspot.com\/_DSKVEvHtskc\/TM3DP5EGiII\/AAAAAAAAHPw\/tPOvEG81oGg\/s400\/balona+P.JPG\" \/><\/a> <\/p>\n<div>Hoje eu acordei na maior indecis\u00e3o&#8230; Ou isto ou aquilo?<\/div>\n<div><em>Ou se tem chuva e n\u00e3o se tem sol, <\/em><\/div>\n<div><em>ou se tem sol e n\u00e3o se tem chuva!<br \/>Ou se cal\u00e7a a luva e n\u00e3o se p\u00f5e o anel,<\/em><\/div>\n<div><em>ou se p\u00f5e o anel e n\u00e3o se cal\u00e7a a luva!<br \/>Quem sobe nos ares n\u00e3o fica no ch\u00e3o,<\/em><\/div>\n<div><em>quem fica no ch\u00e3o n\u00e3o sobe nos ares.<br \/>\u00c9 uma grande pena que n\u00e3o se possa<\/em><\/div>\n<div><em>estar ao mesmo tempo nos dois lugares!<br \/>Ou guardo o dinheiro e n\u00e3o compro o doce,<\/em><\/div>\n<div><em>ou compro o doce e gasto o dinheiro.<br \/>Ou isto ou aquilo: ou isto ou aquilo&#8230;<\/em><\/div>\n<div><em>e vivo escolhendo o dia inteiro!<br \/>N\u00e3o sei se brinco, n\u00e3o sei se estudo,<\/em><\/div>\n<div><em>se saio correndo ou fico tranq\u00fcilo.<br \/>Mas n\u00e3o consegui entender ainda<\/em><\/div>\n<div><em>qual \u00e9 melhor: se \u00e9 isto ou aquilo.<\/em><\/div>\n<div>Salve Cec\u00edlia Meireles! S\u00f3 voc\u00ea mesma para ado\u00e7ar a minha indecis\u00e3o. <\/div>\n<div>Pronto! T\u00e1 feito, t\u00e1 escolhido&#8230; hoje vamos de Bossa Nova \ud83d\ude09 (ou voc\u00eas estavam esperando outra coisa?) Ah, \u00e9&#8230; tamb\u00e9m fui l\u00e1 votar. Espero ter feito uma escolha t\u00e3o boa quanto a do disco de hoje. A verdade \u00e9 que n\u00e3o importa se est\u00e1vamos predispostos ou n\u00e3o a ouvir um determinado estilo musical. O que conta mesmo \u00e9 que ao tocar ele agrade a todos n\u00f3s. Por isso, relaxem&#8230; agora \u00e9 &#8216;jazz&#8217;, \u00e9 bossa, \u00e9 a escolha da maioria&#8230;<\/div>\n<div>Temos ent\u00e3o para hoje um dos discos que ficou para a final da mostra Paladium. De tanto zelo e preparativos para apresentar essa j\u00f3ia, acabei sem achar um dia especial para post\u00e1-lo. Vamos assim com este disco rar\u00edssimo do m\u00fasico mineiro, C\u00e9lio Balona. Ao contr\u00e1rio dos outros tr\u00eas \u00e1lbuns do instrumentista postados aqui, este \u00e9 o \u00fanico o qual podemos chamar de um leg\u00edtimo bossa nova. Mesmo assim, nunca o vi postado no Loronix ou qualquer outro blog. Quem n\u00e3o conhece, n\u00e3o sabe o que estava perdendo. &#8220;Garota de Ipanema&#8221; foi um dos melhores e mais aut\u00eanticos \u00e1lbuns lan\u00e7ados pelo selo mineiro. Quem pensa que a Paladium s\u00f3 fazia aqueles disquinhos maquiados, n\u00e3o ouviu tudo. Este \u00e9 um trabalho bem elaborado, com um conjunto de primeira linha e liderado por um artista super profissional e talentoso. (C\u00e9lio) Balona e Seu Conjunto nos apresenta 12 temas finos entre composi\u00e7\u00f5es autorais e destaques como o samba &#8220;Aurora&#8221; de Roberto Roberti e M\u00e1rio Lago, a bel\u00edssima &#8220;C\u00e9u e mar&#8221; de Johnny Alf ou &#8220;Duas contas&#8221; de Garoto. Virando o disco ainda temos, claro, a &#8220;Garora de Ipanema&#8221; e &#8220;Insensatez&#8221;, ambas de Tom e Vin\u00edcius. As demais faixas n\u00e3o deixam nada a desejar, se mantendo no mesmo n\u00edvel de qualidade. N\u00e3o tenho certeza, mas acho que Helvius Vilela e Nivaldo Ornelas tamb\u00e9m faziam parte do conjunto do Balona. Este \u00e1lbum foi relan\u00e7ado em 1976, nessa \u00e9poca j\u00e1 pelo selo Bemol. N\u00e3o deixem de conferir&#8230;<\/div>\n<div> <\/div>\n<div align=\"center\">aurora<\/div>\n<div align=\"center\">amor que vem<\/div>\n<div align=\"center\">c\u00e9u e mar<\/div>\n<div align=\"center\">tema para ded\u00e9<\/div>\n<div align=\"center\">duas contas<\/div>\n<div align=\"center\">balonadas<\/div>\n<div align=\"center\">meu balan\u00e7o<\/div>\n<div align=\"center\">tema para dois<\/div>\n<div align=\"center\">vem menina<\/div>\n<div align=\"center\">garota de ipanema<\/div>\n<div align=\"center\">insensatez<\/div>\n<div align=\"center\">balan\u00e7o 67<\/div>\n<div align=\"center\"> <\/div>\n<div align=\"center\"> <\/div>\n","protected":false},"excerpt":{"rendered":"<p>Hoje eu acordei na maior indecis\u00e3o&#8230; Ou isto ou aquilo? Ou se tem chuva e n\u00e3o se tem sol, ou se tem sol e n\u00e3o se tem chuva!Ou se cal\u00e7a a luva e n\u00e3o se p\u00f5e o anel, ou se &hellip; <a href=\"https:\/\/www.toque-musicall.com\/?p=655\">Continue lendo <span class=\"meta-nav\">&rarr;<\/span><\/a><\/p>\n","protected":false},"author":1,"featured_media":0,"comment_status":"open","ping_status":"closed","sticky":false,"template":"","format":"standard","meta":{"footnotes":""},"categories":[402,682],"tags":[],"class_list":["post-655","post","type-post","status-publish","format-standard","hentry","category-celio-balona","category-paladium"],"_links":{"self":[{"href":"https:\/\/www.toque-musicall.com\/index.php?rest_route=\/wp\/v2\/posts\/655","targetHints":{"allow":["GET"]}}],"collection":[{"href":"https:\/\/www.toque-musicall.com\/index.php?rest_route=\/wp\/v2\/posts"}],"about":[{"href":"https:\/\/www.toque-musicall.com\/index.php?rest_route=\/wp\/v2\/types\/post"}],"author":[{"embeddable":true,"href":"https:\/\/www.toque-musicall.com\/index.php?rest_route=\/wp\/v2\/users\/1"}],"replies":[{"embeddable":true,"href":"https:\/\/www.toque-musicall.com\/index.php?rest_route=%2Fwp%2Fv2%2Fcomments&post=655"}],"version-history":[{"count":0,"href":"https:\/\/www.toque-musicall.com\/index.php?rest_route=\/wp\/v2\/posts\/655\/revisions"}],"wp:attachment":[{"href":"https:\/\/www.toque-musicall.com\/index.php?rest_route=%2Fwp%2Fv2%2Fmedia&parent=655"}],"wp:term":[{"taxonomy":"category","embeddable":true,"href":"https:\/\/www.toque-musicall.com\/index.php?rest_route=%2Fwp%2Fv2%2Fcategories&post=655"},{"taxonomy":"post_tag","embeddable":true,"href":"https:\/\/www.toque-musicall.com\/index.php?rest_route=%2Fwp%2Fv2%2Ftags&post=655"}],"curies":[{"name":"wp","href":"https:\/\/api.w.org\/{rel}","templated":true}]}}