{"id":6552,"date":"2018-09-17T19:59:17","date_gmt":"2018-09-17T22:59:17","guid":{"rendered":"http:\/\/www.toque-musicall.com\/?p=6552"},"modified":"2018-10-17T20:03:01","modified_gmt":"2018-10-17T23:03:01","slug":"fruto-da-terra-1982","status":"publish","type":"post","link":"https:\/\/www.toque-musicall.com\/?p=6552","title":{"rendered":"Fruto Da Terra (1982)"},"content":{"rendered":"<p><img loading=\"lazy\" decoding=\"async\" class=\"aligncenter size-large\" src=\"https:\/\/4.bp.blogspot.com\/-NyFVJV8gdzk\/W8e5lpOsGbI\/AAAAAAAAPSE\/vYSJkMo1KG0Je3FUanSl2TTl99XjZVTAgCLcBGAs\/s640\/capap.JPG\" width=\"628\" height=\"640\" \/><img loading=\"lazy\" decoding=\"async\" class=\"aligncenter size-large\" src=\"https:\/\/2.bp.blogspot.com\/-YaXxWJs6MWs\/W8e5k8am7sI\/AAAAAAAAPSA\/Q3r-y3rbVO4TfkYX3n3Qt2D3zbqDKlmSQCLcBGAs\/s640\/contrap.JPG\" width=\"633\" height=\"640\" \/><\/p>\n<p>Boa noite, amigos cultos e ocultos! No m\u00eas passado eu postei aqui o primeiro disco do grupo Fruto da Terra e havia prometido postar tamb\u00e9m o segundo e at\u00e9 onde sei, foram apenas esses dois trabalhos. Sem delongas segue outro trabalho do mesmo n\u00edvel do primeiro. Confiram no GTM<\/p>\n<div style=\"text-align: center;\">sonhar colorido<\/div>\n<div style=\"text-align: center;\">cantador<\/div>\n<div style=\"text-align: center;\">travessia<\/div>\n<div style=\"text-align: center;\">pra toda gente<\/div>\n<div style=\"text-align: center;\">espera<\/div>\n<div style=\"text-align: center;\">dire\u00e7\u00e3o do vento<\/div>\n<div style=\"text-align: center;\">procurar<\/div>\n<div style=\"text-align: center;\">acalanto<\/div>\n<div style=\"text-align: center;\">se voce for la<\/div>\n<div style=\"text-align: center;\">lamento<\/div>\n","protected":false},"excerpt":{"rendered":"<p>Boa noite, amigos cultos e ocultos! No m\u00eas passado eu postei aqui o primeiro disco do grupo Fruto da Terra e havia prometido postar tamb\u00e9m o segundo e at\u00e9 onde sei, foram apenas esses dois trabalhos. Sem delongas segue outro &hellip; <a href=\"https:\/\/www.toque-musicall.com\/?p=6552\">Continue lendo <span class=\"meta-nav\">&rarr;<\/span><\/a><\/p>\n","protected":false},"author":1,"featured_media":0,"comment_status":"open","ping_status":"closed","sticky":false,"template":"","format":"standard","meta":{"footnotes":""},"categories":[3000,153],"tags":[],"class_list":["post-6552","post","type-post","status-publish","format-standard","hentry","category-fruto-da-terra","category-selo-rge"],"_links":{"self":[{"href":"https:\/\/www.toque-musicall.com\/index.php?rest_route=\/wp\/v2\/posts\/6552","targetHints":{"allow":["GET"]}}],"collection":[{"href":"https:\/\/www.toque-musicall.com\/index.php?rest_route=\/wp\/v2\/posts"}],"about":[{"href":"https:\/\/www.toque-musicall.com\/index.php?rest_route=\/wp\/v2\/types\/post"}],"author":[{"embeddable":true,"href":"https:\/\/www.toque-musicall.com\/index.php?rest_route=\/wp\/v2\/users\/1"}],"replies":[{"embeddable":true,"href":"https:\/\/www.toque-musicall.com\/index.php?rest_route=%2Fwp%2Fv2%2Fcomments&post=6552"}],"version-history":[{"count":1,"href":"https:\/\/www.toque-musicall.com\/index.php?rest_route=\/wp\/v2\/posts\/6552\/revisions"}],"predecessor-version":[{"id":6553,"href":"https:\/\/www.toque-musicall.com\/index.php?rest_route=\/wp\/v2\/posts\/6552\/revisions\/6553"}],"wp:attachment":[{"href":"https:\/\/www.toque-musicall.com\/index.php?rest_route=%2Fwp%2Fv2%2Fmedia&parent=6552"}],"wp:term":[{"taxonomy":"category","embeddable":true,"href":"https:\/\/www.toque-musicall.com\/index.php?rest_route=%2Fwp%2Fv2%2Fcategories&post=6552"},{"taxonomy":"post_tag","embeddable":true,"href":"https:\/\/www.toque-musicall.com\/index.php?rest_route=%2Fwp%2Fv2%2Ftags&post=6552"}],"curies":[{"name":"wp","href":"https:\/\/api.w.org\/{rel}","templated":true}]}}