{"id":656,"date":"2010-10-30T22:44:00","date_gmt":"2010-10-30T22:44:00","guid":{"rendered":"http:\/\/www.toque-musicall.com\/?p=656"},"modified":"2010-10-30T22:44:00","modified_gmt":"2010-10-30T22:44:00","slug":"inezita-barroso-dancas-gauchas-1955","status":"publish","type":"post","link":"https:\/\/www.toque-musicall.com\/?p=656","title":{"rendered":"Inezita Barroso &#8211; Dan\u00e7as Ga\u00fachas (1955)"},"content":{"rendered":"<p><a href=\"http:\/\/3.bp.blogspot.com\/_DSKVEvHtskc\/TMygmh4Gz0I\/AAAAAAAAHPk\/u9migL8yw94\/s1600\/inezita+55+P.JPG\"><img decoding=\"async\" style=\"TEXT-ALIGN: center; MARGIN: 0px auto 10px; WIDTH: 397px; DISPLAY: block; HEIGHT: 400px; CURSOR: hand\" id=\"BLOGGER_PHOTO_ID_5533974625920667458\" border=\"0\" alt=\"\" src=\"http:\/\/3.bp.blogspot.com\/_DSKVEvHtskc\/TMygmh4Gz0I\/AAAAAAAAHPk\/u9migL8yw94\/s400\/inezita+55+P.JPG\" \/><\/a> Ol\u00e1, mo\u00e7ada culta e oculta! Pelo jeito, a turma l\u00e1 do Sul anda visitando pouco o nosso blog. N\u00e3o houve uma manifesta\u00e7\u00e3o ga\u00facha durante a semana. Barbaridade, tch\u00ea! O jeito vai ser eu encerrar por aqui o meu chimarr\u00e3o. Mas a gente ainda volta para um passeio nos Pampas \ud83d\ude42<br \/>Para fechar com chave de ouro, deixei para hoje essa obra prima, uma raridade que poucos tem hoje a oportunidade de ouvir. Este lp foi o terceiro disco gravado no Brasil pelo selo Copacabana. N\u00e3o sei se est\u00e1 inclu\u00eddo entre os 300 discos mais importantes da m\u00fasica popular brasiliera, mas se n\u00e3o estiver, merecia. A pr\u00f3pria Inezita afirma ser esse seu melhor trabalho.<br \/>Embora um tanto quanto desgastado pelo tempo e bem arranhado, consegui dar uma boa melhorada no som. Temos pois, a grande cantora brasileira ao lado do Grupo Folcl\u00f3rico de Barbosa Lessa. Neste \u00e1lbum eles interpretam da forma mais pura e tradicional as composi\u00e7\u00f5es de Barbosa Lessa e seu parceiro de pesquisa Paix\u00e3o C\u00f4rtes. Inezita viria a regravar todas essas m\u00fasicas seis anos depois, acompanhada de orquestra\u00e7\u00e3o, no \u00e1lbum de 12 polegadas com o mesmo t\u00edtulo. Falar de tradicionalismo ga\u00facho sem tocar no nome de Barbosa Lessa, chega a ser at\u00e9 um pecado.<br \/>Eu j\u00e1 comentei sobre ele logo nas primeiras postagens. Foi um personagem dos mais importantes para a cultura ga\u00facha. Reproduzo aqui um texto extra\u00eddo do site do Governo do Rio Grande do Sul falando sobre ele:<br \/><em>Luiz Carlos Barbosa Lessa nasceu em 13 de dezembro de 1929 e faleceu em 11 de mar\u00e7o de 2002. Destacou-se na m\u00fasica popular e na literatura. Entre suas m\u00fasicas, sempre de cunho gauchesco, est\u00e3o Negrinho do Pastoreio, Quero-Quero, Balseiros do Rio Uruguai, Levanta, Ga\u00facho!, Despedida, e as dan\u00e7as tradicionalistas em parceria com Paix\u00e3o C\u00f4rtes. De sua obra liter\u00e1ria com mais de 50 t\u00edtulos, est\u00e3o os romances Rep\u00fablica das Carretas e Os Guaxos (pr\u00eamio 1959 da Academia Brasileira de Letras), os contos e cr\u00f4nicas de Rodeio dos Ventos, o ensaio indigenista Era de Ar\u00e9, a tese pioneira O sentido e o Valor do Tradicionalismo, o ensaio Nativismo, um fen\u00f4meno social ga\u00facho, M\u00e3o Ga\u00facha, introdu\u00e7\u00e3o ao artesanato sul-rio-grandense, o \u00e1lbum em quadrinhos O Continente do Rio Grande (com desenhos de Fl\u00e1vio Colin) e os did\u00e1ticos Problemas brasileiros, uma perspectiva hist\u00f3rica, Rio Grande do Sul, pra zer em conhec\u00ea-lo, e Primeiras No\u00e7\u00f5es de Teatro. Tamb\u00e9m h\u00e1 os dois volumes do Almanaque do Ga\u00facho. Foi fundador do primeiro CTG &#8211; Centro de Tradi\u00e7\u00f5es Ga\u00fachas, o &#8220;35&#8221;, em Porto Alegre. De 1950 a 1952, com o amigo Paix\u00e3o C\u00f4rtes, realizou o levantamento das dan\u00e7as regionais e produziu a recria\u00e7\u00e3o de dan\u00e7as tradicionalistas. Dessa pesquisa, resultou o livro did\u00e1tico Manual de Dan\u00e7as Ga\u00fachas e o disco Dan\u00e7as Ga\u00fachas, na voz da cantora paulista Inezita Barroso. Barbosa foi, tamb\u00e9m, Secret\u00e1rio Estadual da Cultura e idealizou a Casa de Cultura M\u00e1rio Quintana. Foi, tamb\u00e9m, Conselheiro Honor\u00e1rio do MTG &#8211; Movimento Tradicionalista Brasileiro.<\/em><br \/>Ta\u00ed um disco pelo qual eu tenho certeza, vai levantar n\u00e3o s\u00f3 a gauchada \ud83d\ude09<\/p>\n<div align=\"center\">levante &#8211; tirana do len\u00e7o<\/div>\n<div align=\"center\">pezinho<\/div>\n<div align=\"center\">quero mana<\/div>\n<div align=\"center\">o an\u00fa<\/div>\n<div align=\"center\">balaio<\/div>\n<div align=\"center\">ma\u00e7anico<\/div>\n<div align=\"center\">chimarrita bal\u00e3o<\/div>\n<div align=\"center\">meia canha serrana<\/div>\n<div align=\"center\">rancheira de carrerinha<\/div>\n<div align=\"center\"><\/div>\n<div align=\"center\"><\/div>\n<div align=\"center\"><\/div>\n","protected":false},"excerpt":{"rendered":"<p>Ol\u00e1, mo\u00e7ada culta e oculta! Pelo jeito, a turma l\u00e1 do Sul anda visitando pouco o nosso blog. N\u00e3o houve uma manifesta\u00e7\u00e3o ga\u00facha durante a semana. Barbaridade, tch\u00ea! O jeito vai ser eu encerrar por aqui o meu chimarr\u00e3o. Mas &hellip; <a href=\"https:\/\/www.toque-musicall.com\/?p=656\">Continue lendo <span class=\"meta-nav\">&rarr;<\/span><\/a><\/p>\n","protected":false},"author":1,"featured_media":0,"comment_status":"open","ping_status":"closed","sticky":false,"template":"","format":"standard","meta":{"footnotes":""},"categories":[845],"tags":[],"class_list":["post-656","post","type-post","status-publish","format-standard","hentry","category-inezita-barroso"],"_links":{"self":[{"href":"https:\/\/www.toque-musicall.com\/index.php?rest_route=\/wp\/v2\/posts\/656","targetHints":{"allow":["GET"]}}],"collection":[{"href":"https:\/\/www.toque-musicall.com\/index.php?rest_route=\/wp\/v2\/posts"}],"about":[{"href":"https:\/\/www.toque-musicall.com\/index.php?rest_route=\/wp\/v2\/types\/post"}],"author":[{"embeddable":true,"href":"https:\/\/www.toque-musicall.com\/index.php?rest_route=\/wp\/v2\/users\/1"}],"replies":[{"embeddable":true,"href":"https:\/\/www.toque-musicall.com\/index.php?rest_route=%2Fwp%2Fv2%2Fcomments&post=656"}],"version-history":[{"count":0,"href":"https:\/\/www.toque-musicall.com\/index.php?rest_route=\/wp\/v2\/posts\/656\/revisions"}],"wp:attachment":[{"href":"https:\/\/www.toque-musicall.com\/index.php?rest_route=%2Fwp%2Fv2%2Fmedia&parent=656"}],"wp:term":[{"taxonomy":"category","embeddable":true,"href":"https:\/\/www.toque-musicall.com\/index.php?rest_route=%2Fwp%2Fv2%2Fcategories&post=656"},{"taxonomy":"post_tag","embeddable":true,"href":"https:\/\/www.toque-musicall.com\/index.php?rest_route=%2Fwp%2Fv2%2Ftags&post=656"}],"curies":[{"name":"wp","href":"https:\/\/api.w.org\/{rel}","templated":true}]}}