{"id":6564,"date":"2018-09-30T09:15:00","date_gmt":"2018-09-30T12:15:00","guid":{"rendered":"http:\/\/www.toque-musicall.com\/?p=6564"},"modified":"2018-11-04T10:05:05","modified_gmt":"2018-11-04T12:05:05","slug":"o-show-dos-shows-1975","status":"publish","type":"post","link":"https:\/\/www.toque-musicall.com\/?p=6564","title":{"rendered":"O Show Dos Shows (1975)"},"content":{"rendered":"<p><img loading=\"lazy\" decoding=\"async\" class=\"aligncenter size-large\" src=\"https:\/\/2.bp.blogspot.com\/-D4HE3hBI6g4\/W9KBelCOUuI\/AAAAAAAAPUE\/4Oi7S7IVU2M1gGAYLwTaFEff2WAUrqvWwCLcBGAs\/s640\/capap.JPG\" width=\"640\" height=\"640\" \/><img loading=\"lazy\" decoding=\"async\" class=\"aligncenter size-large\" src=\"https:\/\/4.bp.blogspot.com\/-S3LKKzIypXM\/W9KBdOeb9uI\/AAAAAAAAPUA\/LSPb16GKVJszG7K3SEOd7_rD6DXL8ouwACLcBGAs\/s640\/contrap.JPG\" width=\"640\" height=\"634\" \/><\/p>\n<p>O Toque Musicall oferece hoje a seus amigos cultos e ocultos uma colet\u00e2nea cheia de bons momentos. \u00c9 \u201cO show dos shows\u201d, lan\u00e7ada em 1975 pela Odeon. Produzido pelo mestre Herm\u00ednio Bello de Carvalho, com montagem de Nivaldo Duarte, o \u00e1lbum re\u00fane trechos de v\u00e1rios shows antol\u00f3gicos, tais como \u201cBrasileiro, profiss\u00e3o esperan\u00e7a\u201d, \u201cMudando de conversa\u201d, \u201cTe pego pela palavra\u201d, \u201cSarau\u201d e \u201cGemini V\u201d. E tudo na interpreta\u00e7\u00e3o de grandes nomes de m\u00fasica popular, como Simone, M\u00edlton Nascimento, Marlene, Maria Beth\u00e2nia, Paulinho da Viola, Pixinguinha e Cyro Monteiro. O Formig\u00e3o aqui apresenta um delicioso pot-pourri de sambas de Geraldo Pereira, \u201cEscurinho\u201d, \u201cFalsa baiana\u201d e \u201cQue samba bom\u201d, ele que foi um dos melhores int\u00e9rpretes desse autor<a href=\"https:\/\/www.blogger.com\/null\" name=\"_GoBack\"><\/a>. Clementina de Jesus vem com \u201cA morte de Chico Preto\u201d, m\u00fasica com a qual ganhou pr\u00eamio de melhor int\u00e9rprete no festival Abertura, da TV Globo, e ainda canta, em dupla com Paulinho da Viola, \u201cMulato calado\u201d. O pr\u00f3prio Paulinho ainda comparece com \u201cPra que mentir?\u201de \u201cDoce veneno\u201d. Maria Beth\u00e2nia recorda \u201cCarinhoso\u201d e \u201cSe todos fossem iguais a voc\u00ea\u201d, em trecho do recital que fez na Boate Barroco. Abrindo o disco, M\u00edlton Nascimento revive \u201cChove l\u00e1 fora\u201d, maior hit do rec\u00e9m-falecido Tito Madi. E ainda participa, com Simone, da faixa \u201cGota d\u2019\u00e1gua\u201d. Marlene, devidamente acompanhada por Sivuca, nos traz \u201cCabar\u00e9\u201d, de Jo\u00e3o Bosco e Aldir Blanc. Pixinguinha vem com \u201cUm a zero\u201d, acompanhando outros m\u00fasicos ao saxofone. A eterna guerreira Clara Nunes revive \u201cSuas m\u00e3os\u201d, de Ant\u00f4nio Maria e Pernambuco. Para encerrar, Leny Andrade, Pery Ribeiro e o Bossa Tr\u00eas em um pot-pourri em homenagem ao Rio de Janeiro, incluindo at\u00e9 mesmo \u201cGarota de Ipanema\u201d. Tudo isso reunido em um conjunto que vale a pena ser ouvido, de fato um verdadeiro \u201cShow dos shows\u201d! \u00a0\u00c9 s\u00f3 baixar e conferir&#8230;<\/p>\n<div style=\"text-align: center;\">chove l\u00e1 fora &#8211; milton nascimento<\/div>\n<div style=\"text-align: center;\">gota d&#8217;agua &#8211; simone<\/div>\n<div style=\"text-align: center;\">pra que mentir &#8211; suas m\u00e3os &#8211; paulinho da viola e clara nunes<\/div>\n<div style=\"text-align: center;\">neste mesmo lugar &#8211; nora ney<\/div>\n<div style=\"text-align: center;\">bar da noite &#8211; nora ney<\/div>\n<div style=\"text-align: center;\">cabar\u00e9 &#8211; marlene<\/div>\n<div style=\"text-align: center;\">a morte do chico preto &#8211; clementina de jesus<\/div>\n<div style=\"text-align: center;\">doce veneno &#8211; paulinho da viola<\/div>\n<div style=\"text-align: center;\">mulato calado &#8211; clementina de jesus<\/div>\n<div style=\"text-align: center;\">escurinho &#8211; falsa baiana &#8211; samba bom &#8211; cyro monteiro<\/div>\n<div style=\"text-align: center;\">carinhoso &#8211; maria bethania<\/div>\n<div style=\"text-align: center;\">1&#215;0 &#8211; pixinguinha<\/div>\n<div style=\"text-align: center;\">pot pourri &#8211; gemini 5<\/div>\n<p>*Texto de Samuel Machado Filho<\/p>\n","protected":false},"excerpt":{"rendered":"<p>O Toque Musicall oferece hoje a seus amigos cultos e ocultos uma colet\u00e2nea cheia de bons momentos. \u00c9 \u201cO show dos shows\u201d, lan\u00e7ada em 1975 pela Odeon. Produzido pelo mestre Herm\u00ednio Bello de Carvalho, com montagem de Nivaldo Duarte, o &hellip; <a href=\"https:\/\/www.toque-musicall.com\/?p=6564\">Continue lendo <span class=\"meta-nav\">&rarr;<\/span><\/a><\/p>\n","protected":false},"author":1,"featured_media":0,"comment_status":"open","ping_status":"closed","sticky":false,"template":"","format":"standard","meta":{"footnotes":""},"categories":[896,531,64,226,1741,569,103,322,160,3005,542,122,244,897],"tags":[],"class_list":["post-6564","post","type-post","status-publish","format-standard","hentry","category-clara-nunes","category-clementina-de-jesus","category-coletanea","category-cyro-monteiro","category-gemini-v","category-maria-bethania","category-marlene","category-milton-nascimento","category-nora-ney","category-o-show-dos-shows","category-paulinho-da-viola","category-pixinguinha","category-selo-emi-odeon","category-simone"],"_links":{"self":[{"href":"https:\/\/www.toque-musicall.com\/index.php?rest_route=\/wp\/v2\/posts\/6564","targetHints":{"allow":["GET"]}}],"collection":[{"href":"https:\/\/www.toque-musicall.com\/index.php?rest_route=\/wp\/v2\/posts"}],"about":[{"href":"https:\/\/www.toque-musicall.com\/index.php?rest_route=\/wp\/v2\/types\/post"}],"author":[{"embeddable":true,"href":"https:\/\/www.toque-musicall.com\/index.php?rest_route=\/wp\/v2\/users\/1"}],"replies":[{"embeddable":true,"href":"https:\/\/www.toque-musicall.com\/index.php?rest_route=%2Fwp%2Fv2%2Fcomments&post=6564"}],"version-history":[{"count":1,"href":"https:\/\/www.toque-musicall.com\/index.php?rest_route=\/wp\/v2\/posts\/6564\/revisions"}],"predecessor-version":[{"id":6565,"href":"https:\/\/www.toque-musicall.com\/index.php?rest_route=\/wp\/v2\/posts\/6564\/revisions\/6565"}],"wp:attachment":[{"href":"https:\/\/www.toque-musicall.com\/index.php?rest_route=%2Fwp%2Fv2%2Fmedia&parent=6564"}],"wp:term":[{"taxonomy":"category","embeddable":true,"href":"https:\/\/www.toque-musicall.com\/index.php?rest_route=%2Fwp%2Fv2%2Fcategories&post=6564"},{"taxonomy":"post_tag","embeddable":true,"href":"https:\/\/www.toque-musicall.com\/index.php?rest_route=%2Fwp%2Fv2%2Ftags&post=6564"}],"curies":[{"name":"wp","href":"https:\/\/api.w.org\/{rel}","templated":true}]}}