{"id":6575,"date":"2018-10-16T23:10:46","date_gmt":"2018-10-17T02:10:46","guid":{"rendered":"http:\/\/www.toque-musicall.com\/?p=6575"},"modified":"2019-01-04T19:31:11","modified_gmt":"2019-01-04T21:31:11","slug":"selecao-73-1973","status":"publish","type":"post","link":"https:\/\/www.toque-musicall.com\/?p=6575","title":{"rendered":"Sele\u00e7\u00e3o 73 (1973)"},"content":{"rendered":"<p><img loading=\"lazy\" decoding=\"async\" class=\"aligncenter size-large\" src=\"https:\/\/1.bp.blogspot.com\/-V-tehSKXvGc\/W9-Vgy16mrI\/AAAAAAAAPYk\/I4d3thECR5IOy8G8HOOz9bL5U3lBGF1jgCLcBGAs\/s640\/capap.JPG\" width=\"639\" height=\"640\" \/><\/p>\n<p><img loading=\"lazy\" decoding=\"async\" class=\"aligncenter size-large\" src=\"https:\/\/3.bp.blogspot.com\/--bf0UNPmbmc\/W9-VhMdj4vI\/AAAAAAAAPYo\/KNoprXZSKYkqocI7_rGGe6MW2vbcRrVaACLcBGAs\/s640\/contrap.JPG\" width=\"640\" height=\"635\" \/><\/p>\n<p>Ap\u00f3s a \u201cSele\u00e7\u00e3o 70\u201d, j\u00e1 oferecida pelo TM a seus amigos cultos e ocultos, a Fermata e o grupo Microlite uniram-se novamente em outras oportunidades para novas \u201csele\u00e7\u00f5es\u201d, uma por ano. Sendo assim, n\u00f3s apresentamos hoje a \u201cSele\u00e7\u00e3o 73\u201d. A exemplo dos discos anteriores, este tamb\u00e9m n\u00e3o foi comercializado nas lojas, e foi usado como brinde aos clientes das empresas patrocinadoras.\u00a0 Aqui, h\u00e1 espa\u00e7o exclusivamente para m\u00fasicas instrumentais. Um dos destaques fica por conta da \u201cDanza siciliana\u201d, do filme \u201cO poderoso chef\u00e3o\u201d, regida pelo pr\u00f3prio autor, Carmine Coppola (pai do diretor do filme, Francis Ford Coppola), comsua orquestra. \u201cCabaret\u201d, sucesso de Liza Minelli no filme hom\u00f4nimo, aqui vem\u00a0<a href=\"https:\/\/www.blogger.com\/null\" name=\"_GoBack\"><\/a>executado pela pianista Jo Ann Castle, acompanhada de orquestra e coro. A orquestra do norte-americano Hugo Winterhalter executa \u201cThe impossibledream\u201d, do musical teatral (depois filme) \u201cO homem de la mancha\u201d. \u201cUno\u201d, cl\u00e1ssico do tango argentino, vem aqui na execu\u00e7\u00e3o de AndreLevatz e seus Musicats. O italiano Gianfranco Plenizio executa com sua orquestra \u201cA cavallolungoilfiume\u201d, da trilha sonora do primeiro filme da s\u00e9rie \u201cTrinity\u201d. A valsa \u201cEspanha\u201d, do franc\u00eas \u00c9mileWaldteufel, vem aqui na execu\u00e7\u00e3o da National Opera Orchestra, de Viena, \u00c1ustria. O organista Andr\u00e9 Penazzi apresenta aqui dois sambas, \u201cTem pena de mim\u201d e o cl\u00e1ssico \u201cMas que nada\u201d, de Jorge (ent\u00e3o) Ben. Tudo isso e mais fazendo deste \u201cSele\u00e7\u00e3o 73\u201d um bom disco para se ouvir e at\u00e9 mesmo relaxar. Confiram.<\/p>\n<div style=\"text-align: center;\">tem pena de mim &#8211; andr\u00e9 penazzi<\/div>\n<div style=\"text-align: center;\">a cavallo lungo il filme &#8211; g plenzio<\/div>\n<div style=\"text-align: center;\">cabar\u00e9 &#8211; jo ann castle<\/div>\n<div style=\"text-align: center;\">the impossible dream &#8211; hugo winterhalter e sua orquestra<\/div>\n<div style=\"text-align: center;\">espanha &#8211; the national opera orchetra vienna<\/div>\n<div style=\"text-align: center;\">mia nichta stin athina &#8211; a minos producton<\/div>\n<div style=\"text-align: center;\">uno &#8211; andr\u00e9 levraz<\/div>\n<div style=\"text-align: center;\">danza siciliana &#8211; carmen coppola<\/div>\n<div style=\"text-align: center;\">raspaschoell &#8211; the peace birds orchestra<\/div>\n<div style=\"text-align: center;\">melaine &#8211; soundsational birds &#8216;n brass<\/div>\n<div style=\"text-align: center;\">mas que nada &#8211; andr\u00e9 penazzi<\/div>\n<div style=\"text-align: center;\">el toro y la luna &#8211; juan perez and charles parker<\/div>\n<div><\/div>\n<p>*Texto de Samuel Machado Filho<\/p>\n","protected":false},"excerpt":{"rendered":"<p>Ap\u00f3s a \u201cSele\u00e7\u00e3o 70\u201d, j\u00e1 oferecida pelo TM a seus amigos cultos e ocultos, a Fermata e o grupo Microlite uniram-se novamente em outras oportunidades para novas \u201csele\u00e7\u00f5es\u201d, uma por ano. Sendo assim, n\u00f3s apresentamos hoje a \u201cSele\u00e7\u00e3o 73\u201d. A &hellip; <a href=\"https:\/\/www.toque-musicall.com\/?p=6575\">Continue lendo <span class=\"meta-nav\">&rarr;<\/span><\/a><\/p>\n","protected":false},"author":1,"featured_media":0,"comment_status":"open","ping_status":"closed","sticky":false,"template":"","format":"standard","meta":{"footnotes":""},"categories":[3008,439],"tags":[],"class_list":["post-6575","post","type-post","status-publish","format-standard","hentry","category-selecao-73","category-selo-fermata"],"_links":{"self":[{"href":"https:\/\/www.toque-musicall.com\/index.php?rest_route=\/wp\/v2\/posts\/6575","targetHints":{"allow":["GET"]}}],"collection":[{"href":"https:\/\/www.toque-musicall.com\/index.php?rest_route=\/wp\/v2\/posts"}],"about":[{"href":"https:\/\/www.toque-musicall.com\/index.php?rest_route=\/wp\/v2\/types\/post"}],"author":[{"embeddable":true,"href":"https:\/\/www.toque-musicall.com\/index.php?rest_route=\/wp\/v2\/users\/1"}],"replies":[{"embeddable":true,"href":"https:\/\/www.toque-musicall.com\/index.php?rest_route=%2Fwp%2Fv2%2Fcomments&post=6575"}],"version-history":[{"count":3,"href":"https:\/\/www.toque-musicall.com\/index.php?rest_route=\/wp\/v2\/posts\/6575\/revisions"}],"predecessor-version":[{"id":6587,"href":"https:\/\/www.toque-musicall.com\/index.php?rest_route=\/wp\/v2\/posts\/6575\/revisions\/6587"}],"wp:attachment":[{"href":"https:\/\/www.toque-musicall.com\/index.php?rest_route=%2Fwp%2Fv2%2Fmedia&parent=6575"}],"wp:term":[{"taxonomy":"category","embeddable":true,"href":"https:\/\/www.toque-musicall.com\/index.php?rest_route=%2Fwp%2Fv2%2Fcategories&post=6575"},{"taxonomy":"post_tag","embeddable":true,"href":"https:\/\/www.toque-musicall.com\/index.php?rest_route=%2Fwp%2Fv2%2Ftags&post=6575"}],"curies":[{"name":"wp","href":"https:\/\/api.w.org\/{rel}","templated":true}]}}