{"id":66,"date":"2012-05-13T03:00:00","date_gmt":"2012-05-13T03:00:00","guid":{"rendered":"http:\/\/www.toque-musicall.com\/?p=66"},"modified":"2012-05-13T03:00:00","modified_gmt":"2012-05-13T03:00:00","slug":"ceu-extras-e-com-2012","status":"publish","type":"post","link":"https:\/\/www.toque-musicall.com\/?p=66","title":{"rendered":"C\u00e9u &#8211; Extras E Com&#8230; (2012)"},"content":{"rendered":"<div style=\"clear: both; text-align: center;\"><a href=\"http:\/\/3.bp.blogspot.com\/-Yg_SKVhiEO4\/T68B8lrPaHI\/AAAAAAAACFY\/3YPa8e_SckU\/s1600\/capaP.JPG\" style=\"margin-left: 1em; margin-right: 1em;\"><img loading=\"lazy\" decoding=\"async\" border=\"0\" height=\"400\" src=\"http:\/\/3.bp.blogspot.com\/-Yg_SKVhiEO4\/T68B8lrPaHI\/AAAAAAAACFY\/3YPa8e_SckU\/s400\/capaP.JPG\" width=\"400\" \/><\/a><\/div>\n<div style=\"clear: both; text-align: center;\"><a href=\"http:\/\/4.bp.blogspot.com\/-vrHOo31hhPk\/T68B2S0T2FI\/AAAAAAAACFQ\/VOOAps1zwbg\/s1600\/CONTRACAPAp.JPG\" style=\"margin-left: 1em; margin-right: 1em;\"><img loading=\"lazy\" decoding=\"async\" border=\"0\" height=\"400\" src=\"http:\/\/4.bp.blogspot.com\/-vrHOo31hhPk\/T68B2S0T2FI\/AAAAAAAACFQ\/VOOAps1zwbg\/s400\/CONTRACAPAp.JPG\" width=\"400\" \/><\/a><\/div>\n<p>Boa noite, amigos cultos, ocultos e associados de plant\u00e3o. Hoje o s\u00e1bado foi pesado, com tantas caixas de elep\u00eas que eu carreguei para a Feira do Vinil, que tem acontecido sempre no segundo s\u00e1bado de cada m\u00eas, numa galeria que fique ali na Savassi, rua Pernambuco com Inconfidentes. Quem \u00e9 de Bel\u00f4, certamente deve conhecer. O dia foi pesado sim, mas s\u00f3 pelas pilhas de discos, de resto foi \u00f3timo ficar ali o dia inteiro ouvido m\u00fasicas variadas, folheado os \u00e1lbuns e falando sobre a M\u00fasica e seus artistas. Bom demais essa conviv\u00eancia. Para melhorar, ainda me encontrei com pessoas super simp\u00e1ticas, entre essas, uma de nossas amigas cultas, Madame Mignez, que generosamente me presenteou com um disco de Dilermando Reis (muito obrigado, mais uma vez). Em resumo, a feira foi \u00f3tima! Tudo azul!<br \/>Este azul ent\u00e3o me remeteu ao azul do c\u00e9u e o c\u00e9u \u00e0 C\u00e9u, entendeu? N\u00e3o? Eu explico&#8230; Estou falado dessa lindeza que \u00e9 a cantora C\u00e9u. Acredito que todos devam conhecer, quem n\u00e3o conhece, fa\u00e7a-me o favor! Temos aqui uma sele\u00e7\u00e3o enviada pelo amigo Andr\u00e9 Stangl, reunido 22 m\u00fasicas, que essa jovem cantora nos apresenta ao lado de outros artistas e bandas da nova gera\u00e7\u00e3o da m\u00fasica &#8216;pop&#8217; brasileira.<br \/>Eu estava quase disposto a escrever mais sobre essa colet\u00e2nea bem variada, mas percebo que j\u00e1 vamos entrar no domigo e antes que o s\u00e1bado acabe de vez, vamos dar a ele a sua postagem. Segue aqui mais uma produ\u00e7\u00e3o exclusiva do Toque Musical. Amanh\u00e3 tem mais \ud83d\ude42<\/p>\n<div style=\"text-align: center;\">na\u00e7\u00e3o postal &#8211; c\u00e9u e beto villares<\/div>\n<div style=\"text-align: center;\">salve &#8211; c\u00e9u e dozna zica<\/div>\n<div style=\"text-align: center;\">tempo de carne e osso &#8211; c\u00e9u e momboj\u00f3<\/div>\n<div style=\"text-align: center;\">inferno &#8211; c\u00e9u e na\u00e7\u00e3o zumbi<\/div>\n<div style=\"text-align: center;\">caimbo &#8211; c\u00e9u e sonantes<\/div>\n<div style=\"text-align: center;\">miopia &#8211; c\u00e9u e sonantes<\/div>\n<div style=\"text-align: center;\">defenestrando &#8211; c\u00e9u e sonantes<\/div>\n<div style=\"text-align: center;\">quilombo te espera &#8211; c\u00e9u e sonantes<\/div>\n<div style=\"text-align: center;\">braz &#8211; c\u00e9u e sonante<\/div>\n<div style=\"text-align: center;\">frevo de saudade &#8211; c\u00e9u e sonantes<\/div>\n<div style=\"text-align: center;\">visgo de jaca &#8211; c\u00e9u<\/div>\n<div style=\"text-align: center;\">skate phaser &#8211; c\u00e9u e guizado<\/div>\n<div style=\"text-align: center;\">tempo de amor &#8211; c\u00e9u e herbie hancock<\/div>\n<div style=\"text-align: center;\">neverland &#8211; c\u00e9u e anelis assump\u00e7\u00e3o<\/div>\n<div style=\"text-align: center;\">doce demora &#8211; c\u00e9u e gui amabis<\/div>\n<div style=\"text-align: center;\">fim de tarde &#8211; c\u00e9u e gui amabis<\/div>\n<div style=\"text-align: center;\">swell &#8211; c\u00e9u e gui amabis<\/div>\n<div style=\"text-align: center;\">it&#8217;s a long way &#8211; c\u00e9u \u00a0(in red hot rio II)<\/div>\n<div style=\"text-align: center;\">m\u00fasica &#8211; c\u00e9u e lucas santana<\/div>\n<p><\/p>\n","protected":false},"excerpt":{"rendered":"<p>Boa noite, amigos cultos, ocultos e associados de plant\u00e3o. Hoje o s\u00e1bado foi pesado, com tantas caixas de elep\u00eas que eu carreguei para a Feira do Vinil, que tem acontecido sempre no segundo s\u00e1bado de cada m\u00eas, numa galeria que &hellip; <a href=\"https:\/\/www.toque-musicall.com\/?p=66\">Continue lendo <span class=\"meta-nav\">&rarr;<\/span><\/a><\/p>\n","protected":false},"author":1,"featured_media":0,"comment_status":"open","ping_status":"closed","sticky":false,"template":"","format":"standard","meta":{"footnotes":""},"categories":[96,64,11],"tags":[],"class_list":["post-66","post","type-post","status-publish","format-standard","hentry","category-ceu","category-coletanea","category-exclusivos-do-toque-musical"],"_links":{"self":[{"href":"https:\/\/www.toque-musicall.com\/index.php?rest_route=\/wp\/v2\/posts\/66","targetHints":{"allow":["GET"]}}],"collection":[{"href":"https:\/\/www.toque-musicall.com\/index.php?rest_route=\/wp\/v2\/posts"}],"about":[{"href":"https:\/\/www.toque-musicall.com\/index.php?rest_route=\/wp\/v2\/types\/post"}],"author":[{"embeddable":true,"href":"https:\/\/www.toque-musicall.com\/index.php?rest_route=\/wp\/v2\/users\/1"}],"replies":[{"embeddable":true,"href":"https:\/\/www.toque-musicall.com\/index.php?rest_route=%2Fwp%2Fv2%2Fcomments&post=66"}],"version-history":[{"count":0,"href":"https:\/\/www.toque-musicall.com\/index.php?rest_route=\/wp\/v2\/posts\/66\/revisions"}],"wp:attachment":[{"href":"https:\/\/www.toque-musicall.com\/index.php?rest_route=%2Fwp%2Fv2%2Fmedia&parent=66"}],"wp:term":[{"taxonomy":"category","embeddable":true,"href":"https:\/\/www.toque-musicall.com\/index.php?rest_route=%2Fwp%2Fv2%2Fcategories&post=66"},{"taxonomy":"post_tag","embeddable":true,"href":"https:\/\/www.toque-musicall.com\/index.php?rest_route=%2Fwp%2Fv2%2Ftags&post=66"}],"curies":[{"name":"wp","href":"https:\/\/api.w.org\/{rel}","templated":true}]}}