{"id":661,"date":"2010-10-27T08:56:00","date_gmt":"2010-10-27T08:56:00","guid":{"rendered":"http:\/\/www.toque-musicall.com\/?p=661"},"modified":"2010-10-27T08:56:00","modified_gmt":"2010-10-27T08:56:00","slug":"os-araganos-os-homens-de-preto-1978","status":"publish","type":"post","link":"https:\/\/www.toque-musicall.com\/?p=661","title":{"rendered":"Os Araganos &#8211; Os Homens De Preto (1978)"},"content":{"rendered":"<p><a href=\"http:\/\/2.bp.blogspot.com\/_DSKVEvHtskc\/TMgChw_IX4I\/AAAAAAAAHOY\/DMUQVlMq5Rc\/s1600\/Os+araganos+P.JPG\"><img decoding=\"async\" id=\"BLOGGER_PHOTO_ID_5532674921333284738\" style=\"DISPLAY: block; MARGIN: 0px auto 10px; WIDTH: 398px; CURSOR: hand; HEIGHT: 400px; TEXT-ALIGN: center\" alt=\"\" src=\"http:\/\/2.bp.blogspot.com\/_DSKVEvHtskc\/TMgChw_IX4I\/AAAAAAAAHOY\/DMUQVlMq5Rc\/s400\/Os+araganos+P.JPG\" border=\"0\" \/><\/a>Ao pensar nas postagens dedicada aos sulistas, me lembrei de imediato de dois grupos que eu mais conhe\u00e7o e sempre gostei, o Conjunto Farroupilha e Os Araganos. O primeiro eu vou deixar para uma outra ocasi\u00e3o, pois os que tenho tamb\u00e9m tem em outros blogs. Quanto aOs Araganos, eu ainda n\u00e3o vi nada. Tenho certeza que os amigos cultos e ocultos ir\u00e3o apreciar essa j\u00f3ia, a qual eu j\u00e1 apresentei uma amostra, atrav\u00e9s de um compacto de 1967.<br \/>Os Araganos surgiram no in\u00edcio dos anos 60, segundo informa\u00e7\u00e3o da pr\u00f3pria capa, no Dia do Ga\u00facho. Come\u00e7aram como um trio (Edu Teodoro, Ayrton Pimentel e Ary Marchi), mas ao longo do tempo o grupo foi crescendo e tendo outras forma\u00e7\u00f5es. Me parece que est\u00e3o (pelo menos no nome) na ativa at\u00e9 hoje. Durante os anos 60 eles fizeram muito sucesso, levando a tradi\u00e7\u00e3o ga\u00facha n\u00e3o apenas para o Brasil e pa\u00edses vizinhos, mas tamb\u00e9m na Europa. O que levou os Araganos a fazerem tanto sucesso foi uma combina\u00e7\u00e3o exata de regionalismo com o que rolava naquela \u00e9poca e arredores. Isso para n\u00e3o falarmos da participa\u00e7\u00e3o deles no cinema e na televis\u00e3o. Ao ouvirmos m\u00fasicas como &#8220;P\u00e1ra Pedro&#8221;, &#8220;Malage\u00f1a&#8221; e &#8220;Carnavalito&#8221;, percebemos que o grupo, pelo menos dentro dos anos 60, buscava um p\u00fablico al\u00e9m dos Pampas. Isso fica ainda mais claro no &#8216;pot pourri&#8217; &#8220;Volta ao Brasil&#8221;, onde eles interpretam temas famosos de outras regi\u00f5es do pa\u00eds. Outra m\u00fasica que n\u00e3o podemos nos esquecer, de grande impacto nacional, \u00e9 &#8220;Os Homens de Preto&#8221;, do artista ga\u00facho Paulo Ruschel. M\u00fasica esta tamb\u00e9m imortalizada na voz de Elis Regina, no disco da cole\u00e7\u00e3o Marcus Pereira, em 1975. Neste \u00e1lbum, uma colet\u00e2nea comemorativa de 14 anos do grupo, tamb\u00e9m podemos encontrar algumas composi\u00e7\u00f5es pr\u00f3prias, prova do talento que n\u00e3o se limita apenas em interpretar. Confiram&#8230; \ud83d\ude09<\/p>\n<div align=\"center\">os homens de preto<\/div>\n<div align=\"center\">gauchinha bonita<\/div>\n<div align=\"center\">meu campo<\/div>\n<div align=\"center\">rancho da estrada<\/div>\n<div align=\"center\">cordeona<\/div>\n<div align=\"center\">saudade nativa<\/div>\n<div align=\"center\">volta pelo brasil:<\/div>\n<div align=\"center\"><em>gauchinha bem querer<\/em><\/div>\n<div align=\"center\"><em>saudade de laguna<\/em><\/div>\n<div align=\"center\"><em>curitibana<\/em><\/div>\n<div align=\"center\"><em>IV centen\u00e1rio<\/em><\/div>\n<div align=\"center\"><em>garota de ipanema<\/em><\/div>\n<div align=\"center\"><em>oh minas gerais<\/em><\/div>\n<div align=\"center\"><em>ciriema<\/em><\/div>\n<div align=\"center\"><em>na baixa do sapateiro<\/em><\/div>\n<div align=\"center\"><em>ol\u00ea mul\u00e9 rendera<\/em><\/div>\n<div align=\"center\"><em>paraiba<\/em><\/div>\n<div align=\"center\"><em>vassourinha<\/em><\/div>\n<div align=\"center\"><em>peguei um ita no norte<\/em><\/div>\n<div align=\"center\"><em>prenda minha<\/em><\/div>\n<div align=\"center\"><em>o gaucho<\/em><\/div>\n<div align=\"center\">minuano<\/div>\n<div align=\"center\">xarqueada<\/div>\n<div align=\"center\">gaud\u00eancio sete luas<\/div>\n<div align=\"center\">jo\u00e3o, estranho violeiro<\/div>\n<div align=\"center\">p\u00e1ra pedro<\/div>\n<div align=\"center\">malague\u00f1a<\/div>\n<div align=\"center\">carnavalito<\/div>\n<div align=\"center\"> <\/div>\n<div align=\"center\"> <\/div>\n","protected":false},"excerpt":{"rendered":"<p>Ao pensar nas postagens dedicada aos sulistas, me lembrei de imediato de dois grupos que eu mais conhe\u00e7o e sempre gostei, o Conjunto Farroupilha e Os Araganos. O primeiro eu vou deixar para uma outra ocasi\u00e3o, pois os que tenho &hellip; <a href=\"https:\/\/www.toque-musicall.com\/?p=661\">Continue lendo <span class=\"meta-nav\">&rarr;<\/span><\/a><\/p>\n","protected":false},"author":1,"featured_media":0,"comment_status":"open","ping_status":"closed","sticky":false,"template":"","format":"standard","meta":{"footnotes":""},"categories":[964],"tags":[],"class_list":["post-661","post","type-post","status-publish","format-standard","hentry","category-os-araganos"],"_links":{"self":[{"href":"https:\/\/www.toque-musicall.com\/index.php?rest_route=\/wp\/v2\/posts\/661","targetHints":{"allow":["GET"]}}],"collection":[{"href":"https:\/\/www.toque-musicall.com\/index.php?rest_route=\/wp\/v2\/posts"}],"about":[{"href":"https:\/\/www.toque-musicall.com\/index.php?rest_route=\/wp\/v2\/types\/post"}],"author":[{"embeddable":true,"href":"https:\/\/www.toque-musicall.com\/index.php?rest_route=\/wp\/v2\/users\/1"}],"replies":[{"embeddable":true,"href":"https:\/\/www.toque-musicall.com\/index.php?rest_route=%2Fwp%2Fv2%2Fcomments&post=661"}],"version-history":[{"count":0,"href":"https:\/\/www.toque-musicall.com\/index.php?rest_route=\/wp\/v2\/posts\/661\/revisions"}],"wp:attachment":[{"href":"https:\/\/www.toque-musicall.com\/index.php?rest_route=%2Fwp%2Fv2%2Fmedia&parent=661"}],"wp:term":[{"taxonomy":"category","embeddable":true,"href":"https:\/\/www.toque-musicall.com\/index.php?rest_route=%2Fwp%2Fv2%2Fcategories&post=661"},{"taxonomy":"post_tag","embeddable":true,"href":"https:\/\/www.toque-musicall.com\/index.php?rest_route=%2Fwp%2Fv2%2Ftags&post=661"}],"curies":[{"name":"wp","href":"https:\/\/api.w.org\/{rel}","templated":true}]}}