{"id":662,"date":"2010-10-26T10:12:00","date_gmt":"2010-10-26T10:12:00","guid":{"rendered":"http:\/\/www.toque-musicall.com\/?p=662"},"modified":"2010-10-26T10:12:00","modified_gmt":"2010-10-26T10:12:00","slug":"tio-bilia-e-virgilio-pinheiro-baile-gaucho-1964","status":"publish","type":"post","link":"https:\/\/www.toque-musicall.com\/?p=662","title":{"rendered":"Tio Bilia E Virg\u00edlio Pinheiro &#8211; Baile Ga\u00facho (1964)"},"content":{"rendered":"<div><a href=\"http:\/\/3.bp.blogspot.com\/_DSKVEvHtskc\/TMapvsGoY6I\/AAAAAAAAHOM\/yJQA4yzo41U\/s1600\/tio+bilia+P.JPG\"><img decoding=\"async\" style=\"text-align: center; margin: 0px auto 10px; width: 400px; display: block; height: 395px;\" id=\"BLOGGER_PHOTO_ID_5532295829029151650\" alt=\"\" src=\"http:\/\/3.bp.blogspot.com\/_DSKVEvHtskc\/TMapvsGoY6I\/AAAAAAAAHOM\/yJQA4yzo41U\/s400\/tio+bilia+P.JPG\" border=\"0\" \/><\/a> Buenas! Rapidinha&#8230; Seguindo rumo ao Sul, vamos conhecer Antonio Soares de Oliveira &#8211; Mestre dos Gaiteiros Ga\u00fachos e Rei dos Oito Baixos &#8211; mais conhecido como Tio Bilia. Figura de prest\u00edgio no universo da m\u00fasica regional sulista. Est\u00e1 para os ga\u00fachos assim como o Luiz Gonzaga para os nordestinos. Estreou no mundo fonogr\u00e1fico tardiamente. Gravou pouco mais de meia d\u00fazia de discos.&#8221;Baile Ga\u00facho&#8221; \u00e9 um \u00e1lbum cl\u00e1ssico, o primeiro gravado por ele, no &#8216;meio a meio&#8217; com Virg\u00edlio Pinheiro, outro grande gaiteiro, cujo o registro musical se limita a este disco (creio eu).<br \/>Indico aos interessados no assunto, <a href=\"http:\/\/ensaios.musicodobrasil.com.br\/leorugero-asanfonadeoitobaixos.htm\">&#8220;A sanfona de oito baixos na m\u00fasica instrumental brasileira&#8221;, de Leonardo Rugero Peres<\/a>. Uma boa leitura sobre sanfonas e sanfoneiros.<br \/>Um detalhe curioso sobre nossas raridades: este disco, por exemplo, n\u00e3o se encontra facilmente para comprar. Sua \u00faltima edi\u00e7\u00e3o foi em 1968. N\u00e3o foi mais relan\u00e7ando no pa\u00eds, mas em compensa\u00e7\u00e3o na <a href=\"http:\/\/www.7digital.com\/stores\/emibelgium_2\/artists\/tio-bilia\/baile-gaucho\/\">EMI da B\u00e9lgica<\/a> ele sa\u00ed por pouco mais de uns 10 Euros (ser\u00e1 que a fam\u00edlia ou quem det\u00e9m os direitos autorais est\u00e1 recebendo direitinho essa grana aqui no Brasil?). Ups!<br \/>N\u00e3o sei porque, mas este disco eu gosto de ouvir quando est\u00e1 amanhecendo o dia. Fica completo com um galo cantando no fundo do quintal. Ali\u00e1s e por falar nisso, o Galo ontem cantou direitinho (felizmente n\u00e3o havia prorroga\u00e7\u00e3o)<\/p>\n<div style=\"text-align: center;\">missioneiro<br \/>surungo do quintino<br \/>cas\u00f3rio do batista<br \/>serra de cima<br \/>20 de setembro<br \/>gauchada do meu pago<br \/>tropeiro em apuro<br \/>lembran\u00e7a do morro negro<br \/>baile no galp\u00e3o<br \/>galp\u00e3o dourado<br \/>cap\u00e3o alegre<br \/>dois cora\u00e7\u00f5es<\/div>\n<div><\/div>\n<\/div>\n","protected":false},"excerpt":{"rendered":"<p>Buenas! Rapidinha&#8230; Seguindo rumo ao Sul, vamos conhecer Antonio Soares de Oliveira &#8211; Mestre dos Gaiteiros Ga\u00fachos e Rei dos Oito Baixos &#8211; mais conhecido como Tio Bilia. Figura de prest\u00edgio no universo da m\u00fasica regional sulista. Est\u00e1 para os &hellip; <a href=\"https:\/\/www.toque-musicall.com\/?p=662\">Continue lendo <span class=\"meta-nav\">&rarr;<\/span><\/a><\/p>\n","protected":false},"author":1,"featured_media":0,"comment_status":"open","ping_status":"closed","sticky":false,"template":"","format":"standard","meta":{"footnotes":""},"categories":[965,966],"tags":[],"class_list":["post-662","post","type-post","status-publish","format-standard","hentry","category-tio-bilia","category-virgilio-pinheiro"],"_links":{"self":[{"href":"https:\/\/www.toque-musicall.com\/index.php?rest_route=\/wp\/v2\/posts\/662","targetHints":{"allow":["GET"]}}],"collection":[{"href":"https:\/\/www.toque-musicall.com\/index.php?rest_route=\/wp\/v2\/posts"}],"about":[{"href":"https:\/\/www.toque-musicall.com\/index.php?rest_route=\/wp\/v2\/types\/post"}],"author":[{"embeddable":true,"href":"https:\/\/www.toque-musicall.com\/index.php?rest_route=\/wp\/v2\/users\/1"}],"replies":[{"embeddable":true,"href":"https:\/\/www.toque-musicall.com\/index.php?rest_route=%2Fwp%2Fv2%2Fcomments&post=662"}],"version-history":[{"count":0,"href":"https:\/\/www.toque-musicall.com\/index.php?rest_route=\/wp\/v2\/posts\/662\/revisions"}],"wp:attachment":[{"href":"https:\/\/www.toque-musicall.com\/index.php?rest_route=%2Fwp%2Fv2%2Fmedia&parent=662"}],"wp:term":[{"taxonomy":"category","embeddable":true,"href":"https:\/\/www.toque-musicall.com\/index.php?rest_route=%2Fwp%2Fv2%2Fcategories&post=662"},{"taxonomy":"post_tag","embeddable":true,"href":"https:\/\/www.toque-musicall.com\/index.php?rest_route=%2Fwp%2Fv2%2Ftags&post=662"}],"curies":[{"name":"wp","href":"https:\/\/api.w.org\/{rel}","templated":true}]}}