{"id":6623,"date":"2018-11-20T07:21:47","date_gmt":"2018-11-20T09:21:47","guid":{"rendered":"http:\/\/www.toque-musicall.com\/?p=6623"},"modified":"2019-01-27T08:54:04","modified_gmt":"2019-01-27T10:54:04","slug":"marcelino-buru-sessao-cabidela-1978","status":"publish","type":"post","link":"https:\/\/www.toque-musicall.com\/?p=6623","title":{"rendered":"Marcelino Buru &#8211; Sess\u00e3o Cabidela (1978)"},"content":{"rendered":"\n<figure class=\"wp-block-image\"><img decoding=\"async\" src=\"https:\/\/3.bp.blogspot.com\/-KXLBwNXjymM\/XEpstJJMeQI\/AAAAAAAAPe8\/BSLOIzD_zmUn2eNHxP-QI89zDsis88hAQCEwYBhgL\/s640\/Anota%25C3%25A7%25C3%25A3o%2B2019-01-24%2B235536.jpg\" alt=\"\"\/><\/figure>\n\n\n\n<figure class=\"wp-block-image\"><img decoding=\"async\" src=\"https:\/\/1.bp.blogspot.com\/-omD9FQwIz48\/XEpstQ6bDQI\/AAAAAAAAPfA\/HzasIq8D8OsKDU2oC2Rw048mp-4xtesVACEwYBhgL\/s640\/Anota%25C3%25A7%25C3%25A3o%2B2019-01-24%2B235431.jpg\" alt=\"\"\/><\/figure>\n\n\n<p>Fala a\u00ea&#8230; meus amigos cultos e ocultos! Entre os muitos discos que venho recebendo do amigo F\u00e1res, hoje eu trago um bem a cara do Toque Musical, ou seja, uma produ\u00e7\u00e3o curiosa, interessante e geralmente obscura. Tenho aqui um disco de um artista brasileiro gravado na Fran\u00e7a. Trata-se de Marcelino Bur\u00fa, um nome mais conhecido no mundo das artes c\u00eanicas. Ator, diretor, compositor e produtor cultural. Iniciou sua carreira nos anos 60, sendo o fundador do Teatro Casar\u00e3o, em S\u00e3o Paulo. Atuou em diversas pe\u00e7as, trabalhando com alguns dos mais importantes nomes do teatro nacional. Trabalhou em novelas da Record, Tupi e da Globo. Foi tamb\u00e9m professor de teatro, tendo \u00eaxito como ator e diretor no Festival Mundial de Teatro, na Pol\u00f4nia com a pe\u00e7a O Rei Momo. Acabou ficando pela Europa indo morar em Paris por seis anos. Por l\u00e1, al\u00e9m do teatro, desenvolveu a carreira musical, tendo levado a sua arte por v\u00e1rios pa\u00edses da Europa, al\u00e9m de Africa e Estados Unidos. Trabalhou tamb\u00e9m no cinema. Creio que atualmente ele mora no Brasil.<br>Este disco foi sua estr\u00e9ia musical. Gravado em maio de 1978, &#8220;Sess\u00e3o Cabidela&#8221; \u00e9 um trabalho onde est\u00e3o presentes outros ilustres artistas brasileiros, entre esses o genial Nan\u00e1 Vasconcelos que cuida tamb\u00e9m da dire\u00e7\u00e3o musical. No disco h\u00e1 ainda a participa\u00e7\u00e3o da dupla Les Etoiles (Luiz Antonio e Rolando), j\u00e1 apresentada aqui no Toque Musical. N\u00e3o deixem de conferir no GTM. ok? \ud83d\ude09<\/p>\n<div style=\"text-align: center;\">mineiro<\/div>\n<div style=\"text-align: center;\">gosto<\/div>\n<div style=\"text-align: center;\">kinguel\u00ea<\/div>\n<div style=\"text-align: center;\">ovo h\u00e1&nbsp;<\/div>\n<div style=\"text-align: center;\">saco d&#8217; alho<\/div>\n<div style=\"text-align: center;\">compadre&nbsp;<\/div>\n<div style=\"text-align: center;\">sou feliz<\/div>\n<div style=\"text-align: center;\">alod\u00f3<\/div>\n<div style=\"text-align: center;\">cosi-cosa<\/div>\n<div style=\"text-align: center;\">cabidela<\/div>\n<p>.<\/p>","protected":false},"excerpt":{"rendered":"<p>Fala a\u00ea&#8230; meus amigos cultos e ocultos! Entre os muitos discos que venho recebendo do amigo F\u00e1res, hoje eu trago um bem a cara do Toque Musical, ou seja, uma produ\u00e7\u00e3o curiosa, interessante e geralmente obscura. Tenho aqui um disco &hellip; <a href=\"https:\/\/www.toque-musicall.com\/?p=6623\">Continue lendo <span class=\"meta-nav\">&rarr;<\/span><\/a><\/p>\n","protected":false},"author":1,"featured_media":0,"comment_status":"closed","ping_status":"closed","sticky":false,"template":"","format":"standard","meta":{"footnotes":""},"categories":[3019],"tags":[3018,3017],"class_list":["post-6623","post","type-post","status-publish","format-standard","hentry","category-marcelino-buru","tag-marcelino-buru","tag-selo-independente"],"_links":{"self":[{"href":"https:\/\/www.toque-musicall.com\/index.php?rest_route=\/wp\/v2\/posts\/6623","targetHints":{"allow":["GET"]}}],"collection":[{"href":"https:\/\/www.toque-musicall.com\/index.php?rest_route=\/wp\/v2\/posts"}],"about":[{"href":"https:\/\/www.toque-musicall.com\/index.php?rest_route=\/wp\/v2\/types\/post"}],"author":[{"embeddable":true,"href":"https:\/\/www.toque-musicall.com\/index.php?rest_route=\/wp\/v2\/users\/1"}],"replies":[{"embeddable":true,"href":"https:\/\/www.toque-musicall.com\/index.php?rest_route=%2Fwp%2Fv2%2Fcomments&post=6623"}],"version-history":[{"count":2,"href":"https:\/\/www.toque-musicall.com\/index.php?rest_route=\/wp\/v2\/posts\/6623\/revisions"}],"predecessor-version":[{"id":6630,"href":"https:\/\/www.toque-musicall.com\/index.php?rest_route=\/wp\/v2\/posts\/6623\/revisions\/6630"}],"wp:attachment":[{"href":"https:\/\/www.toque-musicall.com\/index.php?rest_route=%2Fwp%2Fv2%2Fmedia&parent=6623"}],"wp:term":[{"taxonomy":"category","embeddable":true,"href":"https:\/\/www.toque-musicall.com\/index.php?rest_route=%2Fwp%2Fv2%2Fcategories&post=6623"},{"taxonomy":"post_tag","embeddable":true,"href":"https:\/\/www.toque-musicall.com\/index.php?rest_route=%2Fwp%2Fv2%2Ftags&post=6623"}],"curies":[{"name":"wp","href":"https:\/\/api.w.org\/{rel}","templated":true}]}}