{"id":6628,"date":"2018-12-12T08:47:27","date_gmt":"2018-12-12T10:47:27","guid":{"rendered":"http:\/\/www.toque-musicall.com\/?p=6628"},"modified":"2019-02-10T11:26:24","modified_gmt":"2019-02-10T13:26:24","slug":"dominguinhos-apos-ta-certo-1979","status":"publish","type":"post","link":"https:\/\/www.toque-musicall.com\/?p=6628","title":{"rendered":"Dominguinhos &#8211; Ap\u00f3s T\u00e1 Certo (1979)"},"content":{"rendered":"\n<figure class=\"wp-block-image\"><img decoding=\"async\" src=\"https:\/\/3.bp.blogspot.com\/-rMdbaNMPPF8\/XE2IO1B-fyI\/AAAAAAAAPfo\/hUrNolCQcS0BTI3juUItxK6oQTyOJvxswCLcBGAs\/s640\/Anota%25C3%25A7%25C3%25A3o%2B2019-01-27%2B082321.jpg\" alt=\"\"\/><\/figure>\n\n\n\n<figure class=\"wp-block-image\"><img decoding=\"async\" src=\"https:\/\/4.bp.blogspot.com\/-xMOoNtktvHs\/XE2IOnFWITI\/AAAAAAAAPfk\/-yXOw3Nj6x0j2i1yC8Ikhfk59XFRJMEigCLcBGAs\/s640\/Anota%25C3%25A7%25C3%25A3o%2B2019-01-27%2B082404.jpg\" alt=\"\"\/><\/figure>\n\n\n<p>Ol\u00e1, amiguinhos cultos e ocultos! Mais uma vez, marcando presen\u00e7a em nosso Toque Musical, temos o grande Dominguinhos, sanfoneiro arretado que infelizmente nos deixou em 2013. Gravou dezenas de discos e participou de outros tantos ao longo de sua carreira. Sem d\u00favida, um artista genial que estar\u00e1 sempre em nossa mem\u00f3ria e na hist\u00f3ria da m\u00fasica popular brasileira.<br \/>&#8221; Ap\u00f3s, t\u00e1 certo&#8221; \u00e9 um disco lan\u00e7ado no final dos anos 70. Um trabalho totalmente autoral, sendo algumas faixas em parcerias. Um disco de forr\u00f3, de cabo a rabo. Imperd\u00edvel!<\/p>\n<div style=\"text-align: center;\">de altamira a campina grande<\/div>\n<div style=\"text-align: center;\">chega morena<\/div>\n<div style=\"text-align: center;\">chorinho pro mudinho<\/div>\n<div style=\"text-align: center;\">no forr\u00f3 da dona zefa<\/div>\n<div style=\"text-align: center;\">ap\u00f3s t\u00e1 certo<\/div>\n<div style=\"text-align: center;\">penitente<\/div>\n<div style=\"text-align: center;\">pode morrer nessa janela<\/div>\n<div style=\"text-align: center;\">forrozinho aperreado<\/div>\n<div style=\"text-align: center;\">lamento sertanejo<\/div>\n<div style=\"text-align: center;\">homenagem a jackson do pandeiro<\/div>\n<div style=\"text-align: center;\">beijo de brejo<\/div>\n<div style=\"text-align: center;\">a costureira<\/div>\n<div>.<\/div>\n<div>.<\/div>","protected":false},"excerpt":{"rendered":"<p>Ol\u00e1, amiguinhos cultos e ocultos! Mais uma vez, marcando presen\u00e7a em nosso Toque Musical, temos o grande Dominguinhos, sanfoneiro arretado que infelizmente nos deixou em 2013. Gravou dezenas de discos e participou de outros tantos ao longo de sua carreira. &hellip; <a href=\"https:\/\/www.toque-musicall.com\/?p=6628\">Continue lendo <span class=\"meta-nav\">&rarr;<\/span><\/a><\/p>\n","protected":false},"author":1,"featured_media":0,"comment_status":"closed","ping_status":"closed","sticky":false,"template":"","format":"standard","meta":{"footnotes":""},"categories":[3025],"tags":[3026,3038],"class_list":["post-6628","post","type-post","status-publish","format-standard","hentry","category-dominguinhos-selo-fontana","tag-dominguinhos","tag-selo-fontana"],"_links":{"self":[{"href":"https:\/\/www.toque-musicall.com\/index.php?rest_route=\/wp\/v2\/posts\/6628","targetHints":{"allow":["GET"]}}],"collection":[{"href":"https:\/\/www.toque-musicall.com\/index.php?rest_route=\/wp\/v2\/posts"}],"about":[{"href":"https:\/\/www.toque-musicall.com\/index.php?rest_route=\/wp\/v2\/types\/post"}],"author":[{"embeddable":true,"href":"https:\/\/www.toque-musicall.com\/index.php?rest_route=\/wp\/v2\/users\/1"}],"replies":[{"embeddable":true,"href":"https:\/\/www.toque-musicall.com\/index.php?rest_route=%2Fwp%2Fv2%2Fcomments&post=6628"}],"version-history":[{"count":2,"href":"https:\/\/www.toque-musicall.com\/index.php?rest_route=\/wp\/v2\/posts\/6628\/revisions"}],"predecessor-version":[{"id":6650,"href":"https:\/\/www.toque-musicall.com\/index.php?rest_route=\/wp\/v2\/posts\/6628\/revisions\/6650"}],"wp:attachment":[{"href":"https:\/\/www.toque-musicall.com\/index.php?rest_route=%2Fwp%2Fv2%2Fmedia&parent=6628"}],"wp:term":[{"taxonomy":"category","embeddable":true,"href":"https:\/\/www.toque-musicall.com\/index.php?rest_route=%2Fwp%2Fv2%2Fcategories&post=6628"},{"taxonomy":"post_tag","embeddable":true,"href":"https:\/\/www.toque-musicall.com\/index.php?rest_route=%2Fwp%2Fv2%2Ftags&post=6628"}],"curies":[{"name":"wp","href":"https:\/\/api.w.org\/{rel}","templated":true}]}}