{"id":663,"date":"2010-10-25T09:31:00","date_gmt":"2010-10-25T09:31:00","guid":{"rendered":"http:\/\/www.toque-musicall.com\/?p=663"},"modified":"2010-10-25T09:31:00","modified_gmt":"2010-10-25T09:31:00","slug":"o-rio-grande-do-sul-postais-sonoros-1-1962","status":"publish","type":"post","link":"https:\/\/www.toque-musicall.com\/?p=663","title":{"rendered":"O Rio Grande Do Sul &#8211; Postais Sonoros 1 (1962)"},"content":{"rendered":"<p><a href=\"http:\/\/4.bp.blogspot.com\/_DSKVEvHtskc\/TMVOrZwXsHI\/AAAAAAAAHOA\/K1E4C7GpRxo\/s1600\/o+rio+grande+P.JPG\"><img decoding=\"async\" style=\"TEXT-ALIGN: center; MARGIN: 0px auto 10px; WIDTH: 400px; DISPLAY: block; HEIGHT: 400px; CURSOR: hand\" id=\"BLOGGER_PHOTO_ID_5531914224849629298\" border=\"0\" alt=\"\" src=\"http:\/\/4.bp.blogspot.com\/_DSKVEvHtskc\/TMVOrZwXsHI\/AAAAAAAAHOA\/K1E4C7GpRxo\/s400\/o+rio+grande+P.JPG\" \/><\/a> Bom dia, amigos cultos e ocultos. Apesar do meu fim de semana n\u00e3o ter sido l\u00e1 uma maravilha (o domingo ent\u00e3o, nem se fala), vou tentar manter a linha&#8230; Cada vez percebo mais que a minha fixa\u00e7\u00e3o com o blog est\u00e1 intimamente ligada aos meus problemas e afli\u00e7\u00f5es. O Toque Musical \u00e9 \u00e0s vezes, para mim, uma &#8216;v\u00e1lvula de escape&#8217;. Ou melhor dizendo, o local para onde eu fujo quando as coisas n\u00e3o est\u00e3o muito boas. Como a minha vida \u00e9 cheia de oscila\u00e7\u00f5es, acabo sempre ensaiando uma fuga di\u00e1ria. Falar de m\u00fasica n\u00e3o seria t\u00e3o bom se n\u00e3o se pudesse ouv\u00ed-la, eis a minha terapia contra a depress\u00e3o.<br \/>Mas vamos deixar de lado essas minhas lamenta\u00e7\u00f5es. Vamos ao que realmente lhes interessa&#8230; Para a semana que se inicia eu estou programando alguns discos do pessoal do Sul. Injustamente, eu n\u00e3o tenho dado a devida aten\u00e7\u00e3o \u00e0 m\u00fasica brasileira feita no sul do pa\u00eds. De uma certa maneira, o que me falta s\u00e3o os discos. \u00c0s vezes eu tenho a impress\u00e3o de que o sul do Brasil \u00e9 um outro pa\u00eds. Existe uma certa falta de integra\u00e7\u00e3o que mais parece partir deles pr\u00f3prios. H\u00e1 um certo isolamento, sei l\u00e1&#8230; Mas independente de qualquer coisa, essa terra tamb\u00e9m chama Brasil e por l\u00e1 tamb\u00e9m se faz uma boa e genu\u00edna m\u00fasica popular brasileira.<br \/>Tenho aqui um disco, o qual eu n\u00e3o consegui encontrar a data, uma produ\u00e7\u00e3o independente, possivelmente do in\u00edcio dos anos 60, pelo obscuro selo Madrigal. Aparentemente, pelo t\u00edtulo, sup\u00f5em-se ser um disco de cole\u00e7\u00e3o. Mas eu n\u00e3o encontrei nenhum outro volume e muito menos informa\u00e7\u00f5es sobre a cole\u00e7\u00e3o, al\u00e9m de uma pequena refer\u00eancia (por sinal errada) no Dicionario Cravo Albin de MPB. Como a contracapa tamb\u00e9m n\u00e3o traz essas informa\u00e7\u00f5es, fui investigar as origens atrav\u00e9s do nome que mais se destaca no disco, o folclorista paulista\/ga\u00facho Barbosa Lessa. Eu j\u00e1 conhecia alguma coisa do trabalho dele, como a trova &#8220;Nau Catarineta&#8221; e a toada &#8220;Negrinho do Pastoreio&#8221;, principalmente atrav\u00e9s do Conjunto Farroupilha, que gravou dele muita coisa. Barbosa Lessa era compositor, folclorista, radialista, publicit\u00e1rio e escritor. Este \u00e1lbum, ao que tudo indica, foi um trabalho dele. A dire\u00e7\u00e3o \u00e9 de sua produtora e praticamente todas as m\u00fasicas s\u00e3o de sua autoria, sendo duas delas interpretadas pelo seu conjunto. Como outros int\u00e9rpretes temos nomes como Jos\u00e9 Tobias, Carla Diniz, Geraldo Pr\u00edncipe, Chico Raymundo e Carlito Gomes, este \u00faltimo confundido pelo Cravo Albin com um hom\u00f4nimo atual de estilo brega rom\u00e2ntico (nada a ver). Ao chegar j\u00e1 ao final do texto, descubro outra pe\u00e7a do quebra cabe\u00e7a ga\u00facho. Este \u00e1lbum, com certeza \u00e9 de 1962. Pelo que eu pude entender do confuso (e errado) texto do Dicion\u00e1rio Cravo Albin, Barbosa Lessa produziu um disco com este nome naquele ano de 62, com o grupo vocal Titulares do Ritmo. Acontece que na discografia do grupo n\u00e3o consta este disco. Eu imagino que no final, por algum motivo que desconhe\u00e7o, os int\u00e9rpretes foram mudados. Seja l\u00e1 como for, o certo disso tudo \u00e9 que se trata de um excelente trabalho e um disco dos mais importantes e raros. Merece toda a aten\u00e7\u00e3o, confiram&#8230;<\/p>\n<div align=\"center\">can\u00e7\u00e3o do ga\u00facho &#8211; geraldo pr\u00edncipe<\/div>\n<div align=\"center\">quando sopra o minuano &#8211; chico raymundo<\/div>\n<div align=\"center\">can\u00e7\u00e3o do tropeiro &#8211; chico raymundo<\/div>\n<div align=\"center\">roda carreta &#8211; chico raymundo<\/div>\n<div align=\"center\">cantiga de eira &#8211; geraldo pr\u00edncipe<\/div>\n<div align=\"center\">negrinho do pastoreio &#8211; jos\u00e9 tobias<\/div>\n<div align=\"center\">milonga do bem querer &#8211; chico raymundo<\/div>\n<div align=\"center\">andarengo &#8211; carla diniz<\/div>\n<div align=\"center\">quero quero &#8211; carla diniz e carlito gomes<\/div>\n<div align=\"center\">rancheira de carreirinha &#8211; conjunto barbosa lessa<\/div>\n<div align=\"center\">pezinho &#8211; conjunto barbosa lessa<\/div>\n<div align=\"center\">despedida &#8211; jos\u00e9 tobias<\/div>\n<div align=\"center\"><\/div>\n<div align=\"center\"><\/div>\n","protected":false},"excerpt":{"rendered":"<p>Bom dia, amigos cultos e ocultos. Apesar do meu fim de semana n\u00e3o ter sido l\u00e1 uma maravilha (o domingo ent\u00e3o, nem se fala), vou tentar manter a linha&#8230; Cada vez percebo mais que a minha fixa\u00e7\u00e3o com o blog &hellip; <a href=\"https:\/\/www.toque-musicall.com\/?p=663\">Continue lendo <span class=\"meta-nav\">&rarr;<\/span><\/a><\/p>\n","protected":false},"author":1,"featured_media":0,"comment_status":"open","ping_status":"closed","sticky":false,"template":"","format":"standard","meta":{"footnotes":""},"categories":[967,970,971,968,91,969],"tags":[],"class_list":["post-663","post","type-post","status-publish","format-standard","hentry","category-carla-diniz","category-carlito-gomes","category-chico-raymundo-conjunto-barbosa-lessa","category-geraldo-principe","category-jose-tobias","category-o-rio-grande-do-sul"],"_links":{"self":[{"href":"https:\/\/www.toque-musicall.com\/index.php?rest_route=\/wp\/v2\/posts\/663","targetHints":{"allow":["GET"]}}],"collection":[{"href":"https:\/\/www.toque-musicall.com\/index.php?rest_route=\/wp\/v2\/posts"}],"about":[{"href":"https:\/\/www.toque-musicall.com\/index.php?rest_route=\/wp\/v2\/types\/post"}],"author":[{"embeddable":true,"href":"https:\/\/www.toque-musicall.com\/index.php?rest_route=\/wp\/v2\/users\/1"}],"replies":[{"embeddable":true,"href":"https:\/\/www.toque-musicall.com\/index.php?rest_route=%2Fwp%2Fv2%2Fcomments&post=663"}],"version-history":[{"count":0,"href":"https:\/\/www.toque-musicall.com\/index.php?rest_route=\/wp\/v2\/posts\/663\/revisions"}],"wp:attachment":[{"href":"https:\/\/www.toque-musicall.com\/index.php?rest_route=%2Fwp%2Fv2%2Fmedia&parent=663"}],"wp:term":[{"taxonomy":"category","embeddable":true,"href":"https:\/\/www.toque-musicall.com\/index.php?rest_route=%2Fwp%2Fv2%2Fcategories&post=663"},{"taxonomy":"post_tag","embeddable":true,"href":"https:\/\/www.toque-musicall.com\/index.php?rest_route=%2Fwp%2Fv2%2Ftags&post=663"}],"curies":[{"name":"wp","href":"https:\/\/api.w.org\/{rel}","templated":true}]}}