{"id":6632,"date":"2018-12-14T18:45:15","date_gmt":"2018-12-14T20:45:15","guid":{"rendered":"http:\/\/www.toque-musicall.com\/?p=6632"},"modified":"2019-01-28T18:57:09","modified_gmt":"2019-01-28T20:57:09","slug":"canto-livre-1982","status":"publish","type":"post","link":"https:\/\/www.toque-musicall.com\/?p=6632","title":{"rendered":"Canto Livre (1982)"},"content":{"rendered":"\n<figure class=\"wp-block-image\"><img decoding=\"async\" src=\"https:\/\/3.bp.blogspot.com\/-IWOX8E2C_Lc\/XE24drDbPAI\/AAAAAAAAPf4\/EKzhUwwcVPIRKxGLLrug6QnbDjjftq3XwCLcBGAs\/s640\/Anota%25C3%25A7%25C3%25A3o%2B2019-01-26%2B090457.jpg\" alt=\"\"\/><\/figure>\n\n\n\n<figure class=\"wp-block-image\"><img decoding=\"async\" src=\"https:\/\/1.bp.blogspot.com\/-dYJhUNz-Xho\/XE24d2c7voI\/AAAAAAAAPf8\/dLXiZWnuojYDcLck1I6qOkKj4y2qeVO9wCLcBGAs\/s640\/Anota%25C3%25A7%25C3%25A3o%2B2019-01-26%2B090732.jpg\" alt=\"\"\/><\/figure>\n\n\n<p style=\"text-align: left;\">Ol\u00e1, amigos cultos e ocultos! Hoje o TM traz a voc\u00eas mais uma raridade: o primeiro LP do grupo ga\u00facho Canto Livre, gravado nos est\u00fadios da ISAEC e lan\u00e7ado em outubro de 1982, de forma independente (ali\u00e1s houve muitos lan\u00e7amentos independentes nessa \u00e9poca), com produ\u00e7\u00e3o e mixagem de Ricardo Garay e Calique Ludwig, tamb\u00e9m respons\u00e1vel pelo arranjo de vozes na faixa \u201cEta negro\u201d. O grupo era formado pelos irm\u00e3os Jair e Jairo Kobe, Fernando Cardoso, M\u00edriam Kelm, Elaine Marques e as irm\u00e3s Selma e V\u00e2nia Martins. Um excelente septeto, como poderemos confirmar ouvindo as nove faixas deste trabalho, considerado s\u00edntese da melhor m\u00fasica nativista ga\u00facha da nova gera\u00e7\u00e3o de ent\u00e3o. E todas elas com a parceria de S\u00e9rgio Napp\u00a0 (1939-2015), tamb\u00e9m compositor e escritor. Foi com uma das faixas deste trabalho, \u201cDesgarrados\u201d, feita junto com M\u00e1rio Barbar\u00e1, que ele venceu a d\u00e9cima-primeira edi\u00e7\u00e3o da Calif\u00f3rnia da Can\u00e7\u00e3o Nativa, evento que acontece desde 1971 e considerado patrim\u00f4nio cultural do Rio Grande do Sul. A faixa de encerramento, \u201cJuventude\u201d, \u00e9 tamb\u00e9m muito apreciada at\u00e9 hoje. O grupo ainda faria mais um LP em 1984, \u201cComunica\u00e7\u00e3o\u201d, e voltaria \u00e0 cena em 2014, com novos integrantes em sua forma\u00e7\u00e3o. Ainda hoje continuam na ativa, fazendo shows nos quais apresentam m\u00fasicas t\u00edpicas ga\u00fachas, faixas marcantes da MPB e destaques internacionais. Enfim, este primeiro \u00e1lbum do Canto Livre \u00e9 um documento hist\u00f3rico, mais um trabalho raro e de qualidade que o TM oferece a voc\u00eas, com o orgulho e a satisfa\u00e7\u00e3o de sempre.\u00a0<\/p>\n<div style=\"text-align: center;\">recuerdos<\/div>\n<div style=\"text-align: center;\">e quando isso acontece<\/div>\n<div style=\"text-align: center;\">eta negro<\/div>\n<div style=\"text-align: center;\">dia de gra\u00e7a<\/div>\n<div style=\"text-align: center;\">desgarrados<\/div>\n<div style=\"text-align: center;\">entre na roda<\/div>\n<div style=\"text-align: center;\">janeiro<\/div>\n<div style=\"text-align: center;\">gente boa<\/div>\n<div style=\"text-align: center;\">juventude<\/div>\n<p style=\"text-align: left;\"><br \/><br \/>*Texto de Samuel Machado Filho<\/p>","protected":false},"excerpt":{"rendered":"<p>Ol\u00e1, amigos cultos e ocultos! Hoje o TM traz a voc\u00eas mais uma raridade: o primeiro LP do grupo ga\u00facho Canto Livre, gravado nos est\u00fadios da ISAEC e lan\u00e7ado em outubro de 1982, de forma independente (ali\u00e1s houve muitos lan\u00e7amentos &hellip; <a href=\"https:\/\/www.toque-musicall.com\/?p=6632\">Continue lendo <span class=\"meta-nav\">&rarr;<\/span><\/a><\/p>\n","protected":false},"author":1,"featured_media":0,"comment_status":"closed","ping_status":"closed","sticky":false,"template":"","format":"standard","meta":{"footnotes":""},"categories":[3027],"tags":[3028,3017],"class_list":["post-6632","post","type-post","status-publish","format-standard","hentry","category-canto-livre","tag-canto-livre","tag-selo-independente"],"_links":{"self":[{"href":"https:\/\/www.toque-musicall.com\/index.php?rest_route=\/wp\/v2\/posts\/6632","targetHints":{"allow":["GET"]}}],"collection":[{"href":"https:\/\/www.toque-musicall.com\/index.php?rest_route=\/wp\/v2\/posts"}],"about":[{"href":"https:\/\/www.toque-musicall.com\/index.php?rest_route=\/wp\/v2\/types\/post"}],"author":[{"embeddable":true,"href":"https:\/\/www.toque-musicall.com\/index.php?rest_route=\/wp\/v2\/users\/1"}],"replies":[{"embeddable":true,"href":"https:\/\/www.toque-musicall.com\/index.php?rest_route=%2Fwp%2Fv2%2Fcomments&post=6632"}],"version-history":[{"count":1,"href":"https:\/\/www.toque-musicall.com\/index.php?rest_route=\/wp\/v2\/posts\/6632\/revisions"}],"predecessor-version":[{"id":6633,"href":"https:\/\/www.toque-musicall.com\/index.php?rest_route=\/wp\/v2\/posts\/6632\/revisions\/6633"}],"wp:attachment":[{"href":"https:\/\/www.toque-musicall.com\/index.php?rest_route=%2Fwp%2Fv2%2Fmedia&parent=6632"}],"wp:term":[{"taxonomy":"category","embeddable":true,"href":"https:\/\/www.toque-musicall.com\/index.php?rest_route=%2Fwp%2Fv2%2Fcategories&post=6632"},{"taxonomy":"post_tag","embeddable":true,"href":"https:\/\/www.toque-musicall.com\/index.php?rest_route=%2Fwp%2Fv2%2Ftags&post=6632"}],"curies":[{"name":"wp","href":"https:\/\/api.w.org\/{rel}","templated":true}]}}