{"id":6637,"date":"2018-12-10T19:45:51","date_gmt":"2018-12-10T21:45:51","guid":{"rendered":"http:\/\/www.toque-musicall.com\/?p=6637"},"modified":"2019-02-10T11:31:56","modified_gmt":"2019-02-10T13:31:56","slug":"beto-mi-1983","status":"publish","type":"post","link":"https:\/\/www.toque-musicall.com\/?p=6637","title":{"rendered":"Beto Mi (1983)"},"content":{"rendered":"\n<figure class=\"wp-block-image\"><img decoding=\"async\" src=\"https:\/\/1.bp.blogspot.com\/--o4Iu58ZHH0\/XFcpZS5qYzI\/AAAAAAAAPgk\/JEGi4zGOEAss9dX6s_O0Nh55G4dXqx8nACLcBGAs\/s640\/Anota%25C3%25A7%25C3%25A3o%2B2019-01-26%2B080920.jpg\" alt=\"\"\/><\/figure>\n\n\n\n<figure class=\"wp-block-image\"><img decoding=\"async\" src=\"https:\/\/1.bp.blogspot.com\/-uQgXhUfoigc\/XFcpZA9TKvI\/AAAAAAAAPgg\/WD0mG9R7vHo0MKUyv5lbkpSNVvzM0VFSgCLcBGAs\/s640\/Anota%25C3%25A7%25C3%25A3o%2B2019-01-26%2B081017.jpg\" alt=\"\"\/><\/figure>\n\n\n<p>Compositor, cantor, arranjador, regente, produtor e diretor musical. Este \u00e9 o perfil de Beto Mi, nome art\u00edstico de Humberto Miranda Neto, paulista de Guaratinguet\u00e1, nascido em 4 de julho de 1958. Filho de funcion\u00e1rios p\u00fablicos, que tamb\u00e9m tocavam acordeom e piano, \u00e9 primo dos m\u00fasicos S\u00e9rgio, Geraldo e Marcelo, e das cantoras Tet\u00ea e Alzira Esp\u00edndola. Ainda menino, o nosso Beto dedilhava intuitivamente o acordeom de seus pais, repetindo sons ouvidos na casa de um vizinho que tocava sanfona. Na adolesc\u00eancia, participou de corais, bandas marciais e grupos musicais que, entre outras coisas, tocavam em missas jovens na regi\u00e3o. Nos anos 1970, mudou-se para a capital paulista, e cursou alguns per\u00edodos da Faculdade de M\u00fasica e Educa\u00e7\u00e3o Art\u00edstica do Instituto Musical de S\u00e3o Paulo. Frequentou bares de estudantes e a noite paulista, e atuou como diretor musical do Teatro Experimental Universit\u00e1rio (TEU). Em seguida, come\u00e7ou a participar de festivais de m\u00fasica, tendo sido premiado em v\u00e1rios deles como compositor e int\u00e9rprete. Em 1982, venceu o festival de Ub\u00e1 (MG) com a m\u00fasica \u201c\u00d3i u trem\u201d, e a convite de diretores da RCA presentes ao evento, gravou um compacto simples distribu\u00eddo somente no estado de Minas. Um ano depois, novo single, agora com distribui\u00e7\u00e3o nacional, e em seguida vem o primeiro LP, justamente o disco que o TM oferece hoje a seus amigos cultos e ocultos, produzido por Durval Ferreira e dedicado ao irm\u00e3o de Beto Mi, Lucas. O disco tem as participa\u00e7\u00f5es especiais do saxofonista Hector Costita, de Ubirajara (bandoneon) e do percussionista M\u00edlton Banana, recebeu elogios da cr\u00edtica e vendeu mais de cem mil c\u00f3pias. Ainda em 1983, participou do III Festival do Disco Vis\u00e3o, em Canela (RS). Residiu durante algum tempo no Nordeste, \u00e9poca em que lan\u00e7ou os discos \u201cEspelhos\u201d e \u201cUm tempo pra sonhar\u201d. Ao todo, tem sete \u00e1lbuns gravados, entre LPs e CDs, e um DVD, em seus mais de 35 anos de carreira art\u00edstica, nos quais armazenou diversas vit\u00f3rias e conquistou v\u00e1rios amigos e parceiros (S\u00e1 &amp; Guarabyra, Vanusa, Ronnie Von, Ivan Lins, Fl\u00e1vio Venturini etc.), com seu trabalho e sua simplicidade. Al\u00e9m de cantar e compor, Beto Mi criou e desenvolveu o projeto educativo, cultural, musical e ambientalista \u201cPlaneta caipira\u201d, em parceria com a Funda\u00e7\u00e3o Abrinq e a ONG SOS Mata Atl\u00e2ntica, o que resultou em um CD lan\u00e7ado em 2003. Desde 1997, atua ainda como professor, arranjador, maestro e regente dos corais do Instituto Salesiano Nossa Senhora do Carmo e Albert Einstein\/Objetivo, em sua Guaratinguet\u00e1 natal.&nbsp; Enfim, este primeiro \u00e1lbum de Beto Mi, que o TM oferece a voc\u00eas hoje, documenta o promissor in\u00edcio de carreira deste not\u00e1vel m\u00fasico da MPB. \u00c9 ouvir e conferir.&nbsp;<\/p>\n<div style=\"text-align: center;\">anjo da guada<\/div>\n<div style=\"text-align: center;\">oi u tem<\/div>\n<div style=\"text-align: center;\">o ano que vir\u00e1<\/div>\n<div style=\"text-align: center;\">companheiro<\/div>\n<div style=\"text-align: center;\">o poeta (vandr\u00e9)<\/div>\n<div style=\"text-align: center;\">apocalipse<\/div>\n<div style=\"text-align: center;\">pr\u00e1 n\u00e3o dizer que n\u00e3o falei de verso<\/div>\n<div style=\"text-align: center;\">o canto do curupira<\/div>\n<div style=\"text-align: center;\">luzes do&nbsp;exterm\u00ednio<\/div>\n<div style=\"text-align: center;\">cora\u00e7\u00e3o do mundo<\/div>\n<p><\/p>\n<p>* Texto de Samuel Machado Filho<\/p>","protected":false},"excerpt":{"rendered":"<p>Compositor, cantor, arranjador, regente, produtor e diretor musical. Este \u00e9 o perfil de Beto Mi, nome art\u00edstico de Humberto Miranda Neto, paulista de Guaratinguet\u00e1, nascido em 4 de julho de 1958. Filho de funcion\u00e1rios p\u00fablicos, que tamb\u00e9m tocavam acordeom e &hellip; <a href=\"https:\/\/www.toque-musicall.com\/?p=6637\">Continue lendo <span class=\"meta-nav\">&rarr;<\/span><\/a><\/p>\n","protected":false},"author":1,"featured_media":0,"comment_status":"closed","ping_status":"closed","sticky":false,"template":"","format":"standard","meta":{"footnotes":""},"categories":[3039,3041,18,1],"tags":[3030,3040],"class_list":["post-6637","post","type-post","status-publish","format-standard","hentry","category-beto-mi","category-beto-mi-2","category-selo-rca","category-sem-categoria","tag-beto-mi","tag-selo-rca"],"_links":{"self":[{"href":"https:\/\/www.toque-musicall.com\/index.php?rest_route=\/wp\/v2\/posts\/6637","targetHints":{"allow":["GET"]}}],"collection":[{"href":"https:\/\/www.toque-musicall.com\/index.php?rest_route=\/wp\/v2\/posts"}],"about":[{"href":"https:\/\/www.toque-musicall.com\/index.php?rest_route=\/wp\/v2\/types\/post"}],"author":[{"embeddable":true,"href":"https:\/\/www.toque-musicall.com\/index.php?rest_route=\/wp\/v2\/users\/1"}],"replies":[{"embeddable":true,"href":"https:\/\/www.toque-musicall.com\/index.php?rest_route=%2Fwp%2Fv2%2Fcomments&post=6637"}],"version-history":[{"count":3,"href":"https:\/\/www.toque-musicall.com\/index.php?rest_route=\/wp\/v2\/posts\/6637\/revisions"}],"predecessor-version":[{"id":6653,"href":"https:\/\/www.toque-musicall.com\/index.php?rest_route=\/wp\/v2\/posts\/6637\/revisions\/6653"}],"wp:attachment":[{"href":"https:\/\/www.toque-musicall.com\/index.php?rest_route=%2Fwp%2Fv2%2Fmedia&parent=6637"}],"wp:term":[{"taxonomy":"category","embeddable":true,"href":"https:\/\/www.toque-musicall.com\/index.php?rest_route=%2Fwp%2Fv2%2Fcategories&post=6637"},{"taxonomy":"post_tag","embeddable":true,"href":"https:\/\/www.toque-musicall.com\/index.php?rest_route=%2Fwp%2Fv2%2Ftags&post=6637"}],"curies":[{"name":"wp","href":"https:\/\/api.w.org\/{rel}","templated":true}]}}