{"id":664,"date":"2010-10-24T11:02:00","date_gmt":"2010-10-24T11:02:00","guid":{"rendered":"http:\/\/www.toque-musicall.com\/?p=664"},"modified":"2010-10-24T11:02:00","modified_gmt":"2010-10-24T11:02:00","slug":"nelson-goncalves-pra-voce-1971","status":"publish","type":"post","link":"https:\/\/www.toque-musicall.com\/?p=664","title":{"rendered":"Nelson Gon\u00e7alves &#8211; Pr\u00e1 Voc\u00ea (1971)"},"content":{"rendered":"<p><a href=\"http:\/\/1.bp.blogspot.com\/_DSKVEvHtskc\/TMQSxoUYw3I\/AAAAAAAAHN0\/9xjT4Fr_sWU\/s1600\/folder.jpg\"><img decoding=\"async\" alt=\"\" border=\"0\" id=\"BLOGGER_PHOTO_ID_5531566886163628914\" src=\"http:\/\/1.bp.blogspot.com\/_DSKVEvHtskc\/TMQSxoUYw3I\/AAAAAAAAHN0\/9xjT4Fr_sWU\/s400\/folder.jpg\" style=\"cursor: hand; display: block; height: 398px; margin: 0px auto 10px; text-align: center; width: 400px;\" \/><\/a> Bom dia, amigos cultos e ocultos. Ontem eu cheguei t\u00e3o cansado que mal dei conta da postagem. Acho que a fiz mesmo s\u00f3 para n\u00e3o sair da sequ\u00eancia di\u00e1ria. Hoje, da mesma forma, vou logo garantido a postagem, visto que meu domingo n\u00e3o vai ser dos melhores. Nuvens negras rondam o meu c\u00e9u. Mesmo assim e enquanto a \u00e1gua n\u00e3o cai, deixa eu fazer a li\u00e7\u00e3o&#8230;<br \/>N\u00e3o pude resistir a este disco do Nelson Gon\u00e7alves. Tive que primeiro fazer uma &#8216;fotopotoca&#8217;, merecia, voc\u00ea n\u00e3o acham? A primeira vez que vi este disco tive a exata ideia de que o Nelson havia sido escalado para fazer parte do seriado Jornada nas Estrelas. Bom, pode at\u00e9 ter sido um engano de um menino com pouco mais de dez anos, mas que o &#8216;look&#8217; foi inspirado no filme, isso eu n\u00e3o tenho d\u00favida. Ta\u00ed uma hist\u00f3ria que eu gostaria de saber&#8230; como foi que o Nelson encarou essa, ele que era um homem avesso aos modismos. Mas o certo \u00e9 que naquele in\u00edcio dos anos 70 a carreira do cantor andava meio em baixa. A Jovem Guarda j\u00e1 tinha virado adulta, Nelson que era da &#8216;velha guarda&#8217;, vivia uma fase inc\u00f4moda. Era preciso renovar de alguma maneira. Nada melhor do que pela capa, pensaram eles. Mas a renova\u00e7\u00e3o n\u00e3o fica s\u00f3 no visual. Percebemos aqui tamb\u00e9m uma moderniza\u00e7\u00e3o no repert\u00f3rio e tamb\u00e9m nos arranjos de Elcio Alvarez, Ted Moreno e Portinho. Confiram&#8230;<\/p>\n<div align=\"center\">coimbra<\/div>\n<div align=\"center\">franqueza<\/div>\n<div align=\"center\">por isso \u00e9 que te pe\u00e7o amor<\/div>\n<div align=\"center\">aconteceu<\/div>\n<div align=\"center\">o amor e a flor<\/div>\n<div align=\"center\">pr\u00e1 voc\u00ea<\/div>\n<div align=\"center\">domingo de carnaval no salgueiro<\/div>\n<div align=\"center\">imposs\u00edvel&#8230; (somos noivos)<\/div>\n<div align=\"center\">minha companheira, a tristeza<\/div>\n<div align=\"center\">sou eu<\/div>\n<div align=\"center\">em cada verso, em cada samba<\/div>\n<div align=\"center\"><\/div>\n<div align=\"center\"><\/div>\n","protected":false},"excerpt":{"rendered":"<p>Bom dia, amigos cultos e ocultos. Ontem eu cheguei t\u00e3o cansado que mal dei conta da postagem. Acho que a fiz mesmo s\u00f3 para n\u00e3o sair da sequ\u00eancia di\u00e1ria. Hoje, da mesma forma, vou logo garantido a postagem, visto que &hellip; <a href=\"https:\/\/www.toque-musicall.com\/?p=664\">Continue lendo <span class=\"meta-nav\">&rarr;<\/span><\/a><\/p>\n","protected":false},"author":1,"featured_media":0,"comment_status":"open","ping_status":"closed","sticky":false,"template":"","format":"standard","meta":{"footnotes":""},"categories":[118,70],"tags":[],"class_list":["post-664","post","type-post","status-publish","format-standard","hentry","category-nelson-goncalves","category-selo-rca-victor"],"_links":{"self":[{"href":"https:\/\/www.toque-musicall.com\/index.php?rest_route=\/wp\/v2\/posts\/664","targetHints":{"allow":["GET"]}}],"collection":[{"href":"https:\/\/www.toque-musicall.com\/index.php?rest_route=\/wp\/v2\/posts"}],"about":[{"href":"https:\/\/www.toque-musicall.com\/index.php?rest_route=\/wp\/v2\/types\/post"}],"author":[{"embeddable":true,"href":"https:\/\/www.toque-musicall.com\/index.php?rest_route=\/wp\/v2\/users\/1"}],"replies":[{"embeddable":true,"href":"https:\/\/www.toque-musicall.com\/index.php?rest_route=%2Fwp%2Fv2%2Fcomments&post=664"}],"version-history":[{"count":0,"href":"https:\/\/www.toque-musicall.com\/index.php?rest_route=\/wp\/v2\/posts\/664\/revisions"}],"wp:attachment":[{"href":"https:\/\/www.toque-musicall.com\/index.php?rest_route=%2Fwp%2Fv2%2Fmedia&parent=664"}],"wp:term":[{"taxonomy":"category","embeddable":true,"href":"https:\/\/www.toque-musicall.com\/index.php?rest_route=%2Fwp%2Fv2%2Fcategories&post=664"},{"taxonomy":"post_tag","embeddable":true,"href":"https:\/\/www.toque-musicall.com\/index.php?rest_route=%2Fwp%2Fv2%2Ftags&post=664"}],"curies":[{"name":"wp","href":"https:\/\/api.w.org\/{rel}","templated":true}]}}