{"id":6644,"date":"2018-11-30T00:31:16","date_gmt":"2018-11-30T02:31:16","guid":{"rendered":"http:\/\/www.toque-musicall.com\/?p=6644"},"modified":"2019-02-08T00:34:55","modified_gmt":"2019-02-08T02:34:55","slug":"butuca-lance-livre-1981","status":"publish","type":"post","link":"https:\/\/www.toque-musicall.com\/?p=6644","title":{"rendered":"Butuca &#8211; Lance Livre (1981)"},"content":{"rendered":"\n<figure class=\"wp-block-image\"><img decoding=\"async\" src=\"https:\/\/1.bp.blogspot.com\/-Zru7oIGzSOk\/XEkPXzf0EnI\/AAAAAAAAPd0\/bgXPh6JjbLcIqwMoj2paXEkX_xxd8DjdgCLcBGAs\/s640\/butuca%2Bfp.jpg\" alt=\"\"\/><\/figure>\n\n\n\n<figure class=\"wp-block-image\"><img decoding=\"async\" src=\"https:\/\/2.bp.blogspot.com\/-PwWSeigAjb8\/XEkPXuYCFnI\/AAAAAAAAPdw\/5WH5LthDlaUOQhhelLfh2b0M4pyMZWNrgCLcBGAs\/s640\/butuca%2Bbp.jpg\" alt=\"\"\/><\/figure>\n\n\n<p style=\"font-weight: 400;\">De vez em quando aparecem algumas inc\u00f3gnitas. Por exemplo, este \u00e1lbum que o Toque Musical oferece hoje a seus amigos cultos e ocultos. Ao que parece, este foi o primeiro e \u00fanico \u00e1lbum de Butuca, gravado ao vivo em Salvador, no final de 1979, mas s\u00f3 lan\u00e7ado em 1981, de forma independente, somando-se, por sinal, aos muitos discos lan\u00e7ados fora do circuito das gravadoras nesse per\u00edodo. Olha, n\u00e3o encontrei absolutamente nada a respeito de Butuca, nem mesmo no Dicion\u00e1rio Cravo Albin, uma das fontes que geralmente se consulta em termos de MPB. \u00c9 como se ele jamais tivesse existido. Pelo jeito, este trabalho deve ter passado despercebido quando de seu lan\u00e7amento, da\u00ed a falta de informa\u00e7\u00f5es a respeito de Butuca. Mas, ouvindo este disco, poderemos constatar que merecia sorte bem melhor. O repert\u00f3rio \u00e9 todo autoral, e de \u00f3tima qualidade, demonstrando que a praia de Butuca era a MPB de n\u00edvel. A ponto de se lamentar que ele n\u00e3o tenha passado desse disco. Se algu\u00e9m tiver informa\u00e7\u00f5es a respeito de Butuca (afinal n\u00e3o tem biografia dele em lugar nenhum) e tamb\u00e9m souber por onde ele anda, escreva aqui para o TM. Eu e o Augusto agradecemos de cora\u00e7\u00e3o.<\/p>\n<p style=\"font-weight: 400;\">(PS. Augusto: Ao que tudo indica, Butuca \u00e9 um artista falecido e este lp \u00e9 uma obra p\u00f3stuma)<\/p>\n<p style=\"font-weight: 400; text-align: center;\">mist\u00e9rios do c\u00e9u de abril<\/p>\n<p style=\"font-weight: 400; text-align: center;\">madrugada camponesa<\/p>\n<p style=\"font-weight: 400; text-align: center;\">desafio<\/p>\n<p style=\"font-weight: 400; text-align: center;\">madalena<\/p>\n<p style=\"font-weight: 400; text-align: center;\">paisagem tropical<\/p>\n<p style=\"font-weight: 400; text-align: center;\">segredos do mundo<\/p>\n<p style=\"font-weight: 400; text-align: center;\">morenou<\/p>\n<p style=\"font-weight: 400; text-align: center;\">chuva<\/p>\n<p style=\"font-weight: 400; text-align: center;\">esperan\u00e7a<\/p>\n<p style=\"font-weight: 400; text-align: center;\">lance livre<\/p>\n<p style=\"text-align: center;\"><br style=\"font-weight: 400;\" \/><br style=\"font-weight: 400;\" \/><span style=\"font-weight: 400;\">*Texto de Samuel Machado Filho<\/span><\/p>","protected":false},"excerpt":{"rendered":"<p>De vez em quando aparecem algumas inc\u00f3gnitas. Por exemplo, este \u00e1lbum que o Toque Musical oferece hoje a seus amigos cultos e ocultos. Ao que parece, este foi o primeiro e \u00fanico \u00e1lbum de Butuca, gravado ao vivo em Salvador, &hellip; <a href=\"https:\/\/www.toque-musicall.com\/?p=6644\">Continue lendo <span class=\"meta-nav\">&rarr;<\/span><\/a><\/p>\n","protected":false},"author":1,"featured_media":0,"comment_status":"closed","ping_status":"closed","sticky":false,"template":"","format":"standard","meta":{"footnotes":""},"categories":[1],"tags":[3034,3017],"class_list":["post-6644","post","type-post","status-publish","format-standard","hentry","category-sem-categoria","tag-butuca","tag-selo-independente"],"_links":{"self":[{"href":"https:\/\/www.toque-musicall.com\/index.php?rest_route=\/wp\/v2\/posts\/6644","targetHints":{"allow":["GET"]}}],"collection":[{"href":"https:\/\/www.toque-musicall.com\/index.php?rest_route=\/wp\/v2\/posts"}],"about":[{"href":"https:\/\/www.toque-musicall.com\/index.php?rest_route=\/wp\/v2\/types\/post"}],"author":[{"embeddable":true,"href":"https:\/\/www.toque-musicall.com\/index.php?rest_route=\/wp\/v2\/users\/1"}],"replies":[{"embeddable":true,"href":"https:\/\/www.toque-musicall.com\/index.php?rest_route=%2Fwp%2Fv2%2Fcomments&post=6644"}],"version-history":[{"count":1,"href":"https:\/\/www.toque-musicall.com\/index.php?rest_route=\/wp\/v2\/posts\/6644\/revisions"}],"predecessor-version":[{"id":6645,"href":"https:\/\/www.toque-musicall.com\/index.php?rest_route=\/wp\/v2\/posts\/6644\/revisions\/6645"}],"wp:attachment":[{"href":"https:\/\/www.toque-musicall.com\/index.php?rest_route=%2Fwp%2Fv2%2Fmedia&parent=6644"}],"wp:term":[{"taxonomy":"category","embeddable":true,"href":"https:\/\/www.toque-musicall.com\/index.php?rest_route=%2Fwp%2Fv2%2Fcategories&post=6644"},{"taxonomy":"post_tag","embeddable":true,"href":"https:\/\/www.toque-musicall.com\/index.php?rest_route=%2Fwp%2Fv2%2Ftags&post=6644"}],"curies":[{"name":"wp","href":"https:\/\/api.w.org\/{rel}","templated":true}]}}