{"id":667,"date":"2010-10-22T08:41:00","date_gmt":"2010-10-22T08:41:00","guid":{"rendered":"http:\/\/www.toque-musicall.com\/?p=667"},"modified":"2010-10-22T08:41:00","modified_gmt":"2010-10-22T08:41:00","slug":"marcos-ariel-bambu-1981","status":"publish","type":"post","link":"https:\/\/www.toque-musicall.com\/?p=667","title":{"rendered":"Marcos Ariel &#8211; Bambu (1981)"},"content":{"rendered":"<p><a href=\"http:\/\/3.bp.blogspot.com\/_DSKVEvHtskc\/TMFX5f4iUSI\/AAAAAAAAHM4\/kjM7elk5tEo\/s1600\/marcos+ariel+P.JPG\"><img decoding=\"async\" style=\"TEXT-ALIGN: center; MARGIN: 0px auto 10px; WIDTH: 399px; DISPLAY: block; HEIGHT: 400px; CURSOR: hand\" id=\"BLOGGER_PHOTO_ID_5530798462710468898\" border=\"0\" alt=\"\" src=\"http:\/\/3.bp.blogspot.com\/_DSKVEvHtskc\/TMFX5f4iUSI\/AAAAAAAAHM4\/kjM7elk5tEo\/s400\/marcos+ariel+P.JPG\" \/><\/a> Ol\u00e1 amigos cultos e ocultos! Nosso encontro independente desta sexta feira \u00e9 com o pianista, flautista e compositor Marcos Ariel. Ele inaugurou sua carreira fonogr\u00e1fica a partir de 1981 com esse elogiad\u00edssimo lp, lan\u00e7ado de forma independente. \u00c9, para se fazer m\u00fasica instrumental nesse nosso pa\u00eds e ter discos na pra\u00e7a, o m\u00fasico tinha mesmo que entrar na produ\u00e7\u00e3o independente ou fazer seu nome l\u00e1 fora primeiro. Ariel, literalmente, desceu o bambu. Correu atr\u00e1s para chegar na frente. Lan\u00e7ou seu \u00e1lbum &#8220;Bambu&#8221; que logo j\u00e1 estava ecoando na Europa e Estados Unidos. Por este trabalho ele recebeu o trof\u00e9u Chiquinha Gonzaga, de m\u00fasica instrumental em 1983. Tr\u00eas anos depois o disco tamb\u00e9m seria lan\u00e7ado na Europa, atrav\u00e9s de um selo franc\u00eas.<br \/>Confesso que conhe\u00e7o pouco do trabalho do Marcos Ariel, mas desse pouco que ouvi, n\u00e3o posso negar, o cara al\u00e9m de \u00f3timo instrumentista \u00e9 um excelente compositor. Quanto aos discos dele que eu j\u00e1 ouvi, tenho uma certa predile\u00e7\u00e3o por este primeiro. Geralmente o primeiro trabalho de um artista de qualidade \u00e9 aquele que tr\u00e1s o melhor de si. No caso de Ariel, tr\u00e1s n\u00e3o apenas o melhor de si, mas tamb\u00e9m o de D\u00f3, R\u00e9, Mi, F\u00e1, Sol e L\u00e1. Um belo trabalho, podem conferir&#8230;<\/p>\n<div align=\"center\">bambu<\/div>\n<div align=\"center\">a ponte<\/div>\n<div align=\"center\">igarap\u00e9 &#8211; chapada do corisco &#8211; igarap\u00e9<\/div>\n<div align=\"center\">humait\u00e1<\/div>\n<div align=\"center\">samba torto<\/div>\n<div align=\"center\">mar<\/div>\n<div align=\"center\">dois irm\u00e3os<\/div>\n<div align=\"center\">driblando<\/div>\n","protected":false},"excerpt":{"rendered":"<p>Ol\u00e1 amigos cultos e ocultos! Nosso encontro independente desta sexta feira \u00e9 com o pianista, flautista e compositor Marcos Ariel. Ele inaugurou sua carreira fonogr\u00e1fica a partir de 1981 com esse elogiad\u00edssimo lp, lan\u00e7ado de forma independente. \u00c9, para se &hellip; <a href=\"https:\/\/www.toque-musicall.com\/?p=667\">Continue lendo <span class=\"meta-nav\">&rarr;<\/span><\/a><\/p>\n","protected":false},"author":1,"featured_media":0,"comment_status":"open","ping_status":"closed","sticky":false,"template":"","format":"standard","meta":{"footnotes":""},"categories":[972],"tags":[],"class_list":["post-667","post","type-post","status-publish","format-standard","hentry","category-marcos-ariel"],"_links":{"self":[{"href":"https:\/\/www.toque-musicall.com\/index.php?rest_route=\/wp\/v2\/posts\/667","targetHints":{"allow":["GET"]}}],"collection":[{"href":"https:\/\/www.toque-musicall.com\/index.php?rest_route=\/wp\/v2\/posts"}],"about":[{"href":"https:\/\/www.toque-musicall.com\/index.php?rest_route=\/wp\/v2\/types\/post"}],"author":[{"embeddable":true,"href":"https:\/\/www.toque-musicall.com\/index.php?rest_route=\/wp\/v2\/users\/1"}],"replies":[{"embeddable":true,"href":"https:\/\/www.toque-musicall.com\/index.php?rest_route=%2Fwp%2Fv2%2Fcomments&post=667"}],"version-history":[{"count":0,"href":"https:\/\/www.toque-musicall.com\/index.php?rest_route=\/wp\/v2\/posts\/667\/revisions"}],"wp:attachment":[{"href":"https:\/\/www.toque-musicall.com\/index.php?rest_route=%2Fwp%2Fv2%2Fmedia&parent=667"}],"wp:term":[{"taxonomy":"category","embeddable":true,"href":"https:\/\/www.toque-musicall.com\/index.php?rest_route=%2Fwp%2Fv2%2Fcategories&post=667"},{"taxonomy":"post_tag","embeddable":true,"href":"https:\/\/www.toque-musicall.com\/index.php?rest_route=%2Fwp%2Fv2%2Ftags&post=667"}],"curies":[{"name":"wp","href":"https:\/\/api.w.org\/{rel}","templated":true}]}}