{"id":6672,"date":"2018-12-19T21:08:00","date_gmt":"2018-12-19T23:08:00","guid":{"rendered":"http:\/\/www.toque-musicall.com\/?p=6672"},"modified":"2019-02-24T21:14:33","modified_gmt":"2019-02-25T00:14:33","slug":"forca-coletanea-1976","status":"publish","type":"post","link":"https:\/\/www.toque-musicall.com\/?p=6672","title":{"rendered":"For\u00e7a &#8211; Colet\u00e2nea (1976)"},"content":{"rendered":"\n<figure class=\"wp-block-image\"><img decoding=\"async\" src=\"https:\/\/3.bp.blogspot.com\/-KOEMx0gmYEc\/XHLZXs0g6mI\/AAAAAAAAPiI\/7HcQiqaJymM83X1-V1Yd50is9jKwNv4rQCLcBGAs\/s640\/Anota%25C3%25A7%25C3%25A3o%2B2019-02-10%2B125851.jpg\" alt=\"\"\/><\/figure>\n\n\n\n<figure class=\"wp-block-image\"><img decoding=\"async\" src=\"https:\/\/4.bp.blogspot.com\/-rXXxGg0Fb7g\/XHLZX9ilQ5I\/AAAAAAAAPiM\/-4Hcavldav4TuIDGttLzWiFNwIWCyP3UwCLcBGAs\/s640\/Anota%25C3%25A7%25C3%25A3o%2B2019-02-10%2B125937.jpg\" alt=\"\"\/><\/figure>\n\n\n<p>Ol\u00e1, amigos cultos e ocultos! Temos aqui um disco de colet\u00e2nea criado pela CID, em 1976. Selecionando aqui alguns de seus mais importantes artistas. M\u00fasica extra\u00edda de discos de Nana Caymmi, Em\u00edlio Santiago, Jaime &amp; Nair, Astor Piazzolla, Buenos Aires 8 e o Quinteto de Vitor Assis Brasil. Como se v\u00ea, uma colet\u00e2nea que contempla artistas nacionais e argentinos, com m\u00fasicas extra\u00eddas de seus discos lan\u00e7ado por essa gravadora\/selo. N\u00e3o deixem de conferir \ud83d\ude09<\/p>\n<div style=\"text-align: center;\">s\u00f3 louco &#8211; nana caymmi<\/div>\n<div style=\"text-align: center;\">porque somos iguais &#8211; em\u00edlio santiago<\/div>\n<div style=\"text-align: center;\">olhos para s\u00e3o paulo &#8211; jaime e nair<\/div>\n<div style=\"text-align: center;\">se\u00e7\u00e3o das dez &#8211; em\u00edlio santiago<\/div>\n<div style=\"text-align: center;\">la cumparsita &#8211; astor piazzolla<\/div>\n<div style=\"text-align: center;\">adios nonino &#8211; buenos aires 8<\/div>\n<div style=\"text-align: center;\">ponta de areia &#8211; nana caymmi<\/div>\n<div style=\"text-align: center;\">n\u00e3o valia tanto &#8211; jaime e nair<\/div>\n<div style=\"text-align: center;\">verano portenho &#8211; buenos aires 8<\/div>\n<div style=\"text-align: center;\">waving &#8211; quinteto de vitor assis brasil<\/div>\n<p><\/p>","protected":false},"excerpt":{"rendered":"<p>Ol\u00e1, amigos cultos e ocultos! Temos aqui um disco de colet\u00e2nea criado pela CID, em 1976. Selecionando aqui alguns de seus mais importantes artistas. M\u00fasica extra\u00edda de discos de Nana Caymmi, Em\u00edlio Santiago, Jaime &amp; Nair, Astor Piazzolla, Buenos Aires &hellip; <a href=\"https:\/\/www.toque-musicall.com\/?p=6672\">Continue lendo <span class=\"meta-nav\">&rarr;<\/span><\/a><\/p>\n","protected":false},"author":1,"featured_media":0,"comment_status":"closed","ping_status":"closed","sticky":false,"template":"","format":"standard","meta":{"footnotes":""},"categories":[1964,1920,715,345,942],"tags":[],"class_list":["post-6672","post","type-post","status-publish","format-standard","hentry","category-emilio-santiago","category-jaime-e-nair","category-nana-caymmi","category-selo-cid","category-victor-assis-brasil"],"_links":{"self":[{"href":"https:\/\/www.toque-musicall.com\/index.php?rest_route=\/wp\/v2\/posts\/6672","targetHints":{"allow":["GET"]}}],"collection":[{"href":"https:\/\/www.toque-musicall.com\/index.php?rest_route=\/wp\/v2\/posts"}],"about":[{"href":"https:\/\/www.toque-musicall.com\/index.php?rest_route=\/wp\/v2\/types\/post"}],"author":[{"embeddable":true,"href":"https:\/\/www.toque-musicall.com\/index.php?rest_route=\/wp\/v2\/users\/1"}],"replies":[{"embeddable":true,"href":"https:\/\/www.toque-musicall.com\/index.php?rest_route=%2Fwp%2Fv2%2Fcomments&post=6672"}],"version-history":[{"count":2,"href":"https:\/\/www.toque-musicall.com\/index.php?rest_route=\/wp\/v2\/posts\/6672\/revisions"}],"predecessor-version":[{"id":6674,"href":"https:\/\/www.toque-musicall.com\/index.php?rest_route=\/wp\/v2\/posts\/6672\/revisions\/6674"}],"wp:attachment":[{"href":"https:\/\/www.toque-musicall.com\/index.php?rest_route=%2Fwp%2Fv2%2Fmedia&parent=6672"}],"wp:term":[{"taxonomy":"category","embeddable":true,"href":"https:\/\/www.toque-musicall.com\/index.php?rest_route=%2Fwp%2Fv2%2Fcategories&post=6672"},{"taxonomy":"post_tag","embeddable":true,"href":"https:\/\/www.toque-musicall.com\/index.php?rest_route=%2Fwp%2Fv2%2Ftags&post=6672"}],"curies":[{"name":"wp","href":"https:\/\/api.w.org\/{rel}","templated":true}]}}