{"id":6675,"date":"2018-12-28T22:37:57","date_gmt":"2018-12-29T00:37:57","guid":{"rendered":"http:\/\/www.toque-musicall.com\/?p=6675"},"modified":"2019-02-27T22:41:26","modified_gmt":"2019-02-28T01:41:26","slug":"carmen-miranda-a-pequena-notavel-1969","status":"publish","type":"post","link":"https:\/\/www.toque-musicall.com\/?p=6675","title":{"rendered":"Carmen Miranda &#8211; A Pequena Not\u00e1vel (1969)"},"content":{"rendered":"\n<figure class=\"wp-block-image\"><img decoding=\"async\" src=\"https:\/\/1.bp.blogspot.com\/-P4mpDUqNADc\/XHccz6g_iII\/AAAAAAAAPic\/49Y3QGk97Ckd3PzvS2-GFwMtxJd8_SPlwCLcBGAs\/s640\/Anota%25C3%25A7%25C3%25A3o%2B2019-02-27%2B202551.jpg\" alt=\"\"\/><\/figure>\n\n\n\n<figure class=\"wp-block-image\"><img decoding=\"async\" src=\"https:\/\/1.bp.blogspot.com\/-riOJfTFoiv0\/XHcc0Dwbx1I\/AAAAAAAAPig\/GIOWFPRPBZgLTQXGP7qH9Xaapt4QL63RwCLcBGAs\/s640\/Anota%25C3%25A7%25C3%25A3o%2B2019-02-27%2B202653.jpg\" alt=\"\"\/><\/figure>\n\n\n<p>Boa noite, amigos cultos e ocultos! Este ano de 2018 n\u00e3o foi f\u00e1cil e ao que tudo indica, 2019 vai ser ainda pior. Infelizmente, boa parte do povo brasileiro est\u00e1 cego. Est\u00e1 sendo manipulado e v\u00e3o, com certeza, fazer merda. N\u00e3o vou entrar no m\u00e9rito da coisa, mas acho que vivemos a era da imbecilidade. As redes sociais deram vozes aos idiotas. E at\u00e9 na pol\u00edtica eles acham que entendem de alguma coisa. At\u00e9 faz sentido, afinal essa gente elege seus pares e pelo andar da carruagem, vamos ser governado por idiotas. Estou dizendo isso porque toda essa situa\u00e7\u00e3o \u00e9 brochante, em todos os sentidos. Se eu j\u00e1 n\u00e3o estava achando tempo e gosto para dar sequencia nas postagens do Toque Musical, agora ent\u00e3o \u00e9 que perdi mesmo o tes\u00e3o. Por essas e por outras \u00e9 que estou com novos planos para o TM em 2019. Vamos mais uma vez mudar a nossa t\u00e1tica. O Toque Musical vai mudar (bad music for bad people).<br \/>Para fechar o ano, deixo aqui este lp de Carmen Miranda, lan\u00e7ado pelo Museu da Imagem e do Som, no final dos anos 60. Uma sele\u00e7\u00e3o definitiva, com doze grava\u00e7\u00f5es cl\u00e1ssicas da cantora. Por certo, todas as essa m\u00fasicas j\u00e1 foram apresentadas aqui atrav\u00e9s de outros discos postados, inclusive na s\u00e9rie Grand Record Brazil, exclusiva do blog Toque Musical. Mas Carmen Miranda sempre vale repetir. Sempre \u00e9 bom de ouvir. Confiram no GTM.<\/p>\n<div style=\"text-align: center;\">cachorro vira-lata<\/div>\n<div style=\"text-align: center;\">camisa listrada<\/div>\n<div style=\"text-align: center;\">eu dei&#8230;<\/div>\n<div style=\"text-align: center;\">quem \u00e9<\/div>\n<div style=\"text-align: center;\">deixa falar<\/div>\n<div style=\"text-align: center;\">na baixa do sapateiro<\/div>\n<div style=\"text-align: center;\">me d\u00e1, me d\u00e1<\/div>\n<div style=\"text-align: center;\">como &#8216;vais&#8217; voc\u00ea<\/div>\n<div style=\"text-align: center;\">e o mundo n\u00e3o se acabou<\/div>\n<div style=\"text-align: center;\">na bahia<\/div>\n<div style=\"text-align: center;\">disseram que voltei americanizada<\/div>\n<div style=\"text-align: center;\">no tabuleiro da baiana<\/div>\n<p>\u00a0<\/p>\n<p>.<\/p>","protected":false},"excerpt":{"rendered":"<p>Boa noite, amigos cultos e ocultos! Este ano de 2018 n\u00e3o foi f\u00e1cil e ao que tudo indica, 2019 vai ser ainda pior. Infelizmente, boa parte do povo brasileiro est\u00e1 cego. Est\u00e1 sendo manipulado e v\u00e3o, com certeza, fazer merda. &hellip; <a href=\"https:\/\/www.toque-musicall.com\/?p=6675\">Continue lendo <span class=\"meta-nav\">&rarr;<\/span><\/a><\/p>\n","protected":false},"author":1,"featured_media":0,"comment_status":"closed","ping_status":"closed","sticky":false,"template":"","format":"standard","meta":{"footnotes":""},"categories":[816,189,1],"tags":[],"class_list":["post-6675","post","type-post","status-publish","format-standard","hentry","category-carmen-miranda","category-selo-mis","category-sem-categoria"],"_links":{"self":[{"href":"https:\/\/www.toque-musicall.com\/index.php?rest_route=\/wp\/v2\/posts\/6675","targetHints":{"allow":["GET"]}}],"collection":[{"href":"https:\/\/www.toque-musicall.com\/index.php?rest_route=\/wp\/v2\/posts"}],"about":[{"href":"https:\/\/www.toque-musicall.com\/index.php?rest_route=\/wp\/v2\/types\/post"}],"author":[{"embeddable":true,"href":"https:\/\/www.toque-musicall.com\/index.php?rest_route=\/wp\/v2\/users\/1"}],"replies":[{"embeddable":true,"href":"https:\/\/www.toque-musicall.com\/index.php?rest_route=%2Fwp%2Fv2%2Fcomments&post=6675"}],"version-history":[{"count":2,"href":"https:\/\/www.toque-musicall.com\/index.php?rest_route=\/wp\/v2\/posts\/6675\/revisions"}],"predecessor-version":[{"id":6677,"href":"https:\/\/www.toque-musicall.com\/index.php?rest_route=\/wp\/v2\/posts\/6675\/revisions\/6677"}],"wp:attachment":[{"href":"https:\/\/www.toque-musicall.com\/index.php?rest_route=%2Fwp%2Fv2%2Fmedia&parent=6675"}],"wp:term":[{"taxonomy":"category","embeddable":true,"href":"https:\/\/www.toque-musicall.com\/index.php?rest_route=%2Fwp%2Fv2%2Fcategories&post=6675"},{"taxonomy":"post_tag","embeddable":true,"href":"https:\/\/www.toque-musicall.com\/index.php?rest_route=%2Fwp%2Fv2%2Ftags&post=6675"}],"curies":[{"name":"wp","href":"https:\/\/api.w.org\/{rel}","templated":true}]}}