{"id":669,"date":"2010-10-20T12:36:00","date_gmt":"2010-10-20T12:36:00","guid":{"rendered":"http:\/\/www.toque-musicall.com\/?p=669"},"modified":"2010-10-20T12:36:00","modified_gmt":"2010-10-20T12:36:00","slug":"manoel-da-conceicao-mao-de-vaca-a-batucada-do-mane-1975","status":"publish","type":"post","link":"https:\/\/www.toque-musicall.com\/?p=669","title":{"rendered":"Manoel Da Concei\u00e7\u00e3o &#8211; M\u00e3o de Vaca &#8211; A Batucada Do Man\u00e9 (1975)"},"content":{"rendered":"<p><a href=\"http:\/\/4.bp.blogspot.com\/_DSKVEvHtskc\/TL7igtdddBI\/AAAAAAAAHMg\/DhYDCTwcvU8\/s1600\/m%C3%A3o+de+vaca+P.JPG\"><img decoding=\"async\" style=\"TEXT-ALIGN: center; MARGIN: 0px auto 10px; WIDTH: 397px; DISPLAY: block; HEIGHT: 400px; CURSOR: hand\" id=\"BLOGGER_PHOTO_ID_5530106444044399634\" border=\"0\" alt=\"\" src=\"http:\/\/4.bp.blogspot.com\/_DSKVEvHtskc\/TL7igtdddBI\/AAAAAAAAHMg\/DhYDCTwcvU8\/s400\/m%C3%A3o+de+vaca+P.JPG\" \/><\/a> Ol\u00e1 amigos! Nosso encontro hoje \u00e9 com o violonista Manoel da Concei\u00e7\u00e3o, tamb\u00e9m conhecido como &#8220;M\u00e3o de Vaca&#8221;. Segundo contam, ele recebeu este apelido na \u00e9poca da R\u00e1dio Nacional. Era um violonista autodidata. Iniciou profissionalmente a carreira no in\u00edcio dos anos 50 com integrante da orquestra de Rui Rei. Ao longo de sua carreira, trabalhou com diversos artistas, entre esses, Angela Maria, Radam\u00e9s Gnatalli, Elizeth Cardoso e at\u00e9 o Chico An\u00edsio com quem ele trabalhou por mais de dez anos fazendo fundo musical. Teve tamb\u00e9m o seu pr\u00f3prio conjunto e um programa na R\u00e1dio MEC. Foi tamb\u00e9m compositor, tendo como seu maior destaque a m\u00fasica &#8220;Dizem por a\u00ed&#8221;. Ao longo de sua carreira ele gravou poucos discos, mas teve participa\u00e7\u00e3o em muitos. N\u00e3o sabia nada de teoria musical, mas tinha ouvido e uma no\u00e7ao particular de composi\u00e7\u00e3o.<br \/>&#8220;Batucada do Man\u00e9&#8221; foi um \u00e1lbum lan\u00e7ado pela RCA, em 1975, com dire\u00e7\u00e3o de Rildo Hora. Ao contr\u00e1rio de outros discos de instrumentistas, este n\u00e3o \u00e9 de todo instrumental. M\u00e3o de Vaca tamb\u00e9m canta e faz coro ao lado (acho) dAs Gatas. De autoral temos apenas tr\u00eas faixas, as demais s\u00e3o sambas de Noel Rosa, Caymmi, Monsueto, Ary Barroso e outros. Como se v\u00ea, trata-se de um disco essencialmente de samba. Mas h\u00e1 ainda espa\u00e7o para o famoso tango de Gardel, &#8220;El dia que me queiras&#8221;, aqui tocado como um bolero (ficou perfeito!).<br \/>At\u00e9 onde eu sei, somente este disco chegou a ser relan\u00e7ado em formato digital. \u00c9 uma j\u00f3ia admirada por todo apreciador de viol\u00e3o. Agrade\u00e7o ao amigo Ricardo que gentilmente me cedeu o disco (quando quiser, pode mandar mais&#8230;).<\/p>\n<div align=\"center\">disse me disse<\/div>\n<div align=\"center\">n\u00e3o p\u00f5e a m\u00e3o<\/div>\n<div align=\"center\">na baixa do sapateiro<\/div>\n<div align=\"center\">gente humilde<\/div>\n<div align=\"center\">exalta\u00e7\u00e3o \u00e0 magueira &#8211; agora \u00e9 cinza &#8211; maracangalha &#8211; cidade maravilhosa<\/div>\n<div align=\"center\">batucada do man\u00e9<\/div>\n<div align=\"center\">vou correr<\/div>\n<div align=\"center\">feiti\u00e7o da vila &#8211; com que roupa &#8211; palpite infeliz<\/div>\n<div align=\"center\">saudade da bahia<\/div>\n<div align=\"center\">el dia que me queiras<\/div>\n<div align=\"center\">a fonte secou<\/div>\n<div align=\"center\"> <\/div>\n<div align=\"center\"> <\/div>\n","protected":false},"excerpt":{"rendered":"<p>Ol\u00e1 amigos! Nosso encontro hoje \u00e9 com o violonista Manoel da Concei\u00e7\u00e3o, tamb\u00e9m conhecido como &#8220;M\u00e3o de Vaca&#8221;. Segundo contam, ele recebeu este apelido na \u00e9poca da R\u00e1dio Nacional. Era um violonista autodidata. Iniciou profissionalmente a carreira no in\u00edcio dos &hellip; <a href=\"https:\/\/www.toque-musicall.com\/?p=669\">Continue lendo <span class=\"meta-nav\">&rarr;<\/span><\/a><\/p>\n","protected":false},"author":1,"featured_media":0,"comment_status":"open","ping_status":"closed","sticky":false,"template":"","format":"standard","meta":{"footnotes":""},"categories":[974,975],"tags":[],"class_list":["post-669","post","type-post","status-publish","format-standard","hentry","category-manuel-da-conceicao","category-mao-de-vaca"],"_links":{"self":[{"href":"https:\/\/www.toque-musicall.com\/index.php?rest_route=\/wp\/v2\/posts\/669","targetHints":{"allow":["GET"]}}],"collection":[{"href":"https:\/\/www.toque-musicall.com\/index.php?rest_route=\/wp\/v2\/posts"}],"about":[{"href":"https:\/\/www.toque-musicall.com\/index.php?rest_route=\/wp\/v2\/types\/post"}],"author":[{"embeddable":true,"href":"https:\/\/www.toque-musicall.com\/index.php?rest_route=\/wp\/v2\/users\/1"}],"replies":[{"embeddable":true,"href":"https:\/\/www.toque-musicall.com\/index.php?rest_route=%2Fwp%2Fv2%2Fcomments&post=669"}],"version-history":[{"count":0,"href":"https:\/\/www.toque-musicall.com\/index.php?rest_route=\/wp\/v2\/posts\/669\/revisions"}],"wp:attachment":[{"href":"https:\/\/www.toque-musicall.com\/index.php?rest_route=%2Fwp%2Fv2%2Fmedia&parent=669"}],"wp:term":[{"taxonomy":"category","embeddable":true,"href":"https:\/\/www.toque-musicall.com\/index.php?rest_route=%2Fwp%2Fv2%2Fcategories&post=669"},{"taxonomy":"post_tag","embeddable":true,"href":"https:\/\/www.toque-musicall.com\/index.php?rest_route=%2Fwp%2Fv2%2Ftags&post=669"}],"curies":[{"name":"wp","href":"https:\/\/api.w.org\/{rel}","templated":true}]}}