{"id":67,"date":"2012-05-11T11:13:00","date_gmt":"2012-05-11T11:13:00","guid":{"rendered":"http:\/\/www.toque-musicall.com\/?p=67"},"modified":"2012-05-11T11:13:00","modified_gmt":"2012-05-11T11:13:00","slug":"itamar-assumpcao-e-as-orquideas-do-brasil-bicho-de-sete-cabecas-1993","status":"publish","type":"post","link":"https:\/\/www.toque-musicall.com\/?p=67","title":{"rendered":"Itamar Assump\u00e7\u00e3o E As Orquideas Do Brasil &#8211; Bicho De Sete Cabe\u00e7as (1993)"},"content":{"rendered":"<div style=\"clear: both; text-align: center;\"><a href=\"http:\/\/1.bp.blogspot.com\/-QgpYX-SUJXA\/T6zr_U2LQBI\/AAAAAAAACEE\/0F7hPTmLC1o\/s1600\/capap.JPG\" style=\"margin-left: 1em; margin-right: 1em;\"><img loading=\"lazy\" decoding=\"async\" border=\"0\" height=\"400\" src=\"http:\/\/1.bp.blogspot.com\/-QgpYX-SUJXA\/T6zr_U2LQBI\/AAAAAAAACEE\/0F7hPTmLC1o\/s400\/capap.JPG\" width=\"397\" \/><\/a><\/div>\n<div style=\"clear: both; text-align: center;\"><a href=\"http:\/\/1.bp.blogspot.com\/-T1Is1WPTym8\/T6zr5ceFR1I\/AAAAAAAACD8\/L4wRHPBdKTo\/s1600\/contracapaP.JPG\" style=\"margin-left: 1em; margin-right: 1em;\"><img loading=\"lazy\" decoding=\"async\" border=\"0\" height=\"400\" src=\"http:\/\/1.bp.blogspot.com\/-T1Is1WPTym8\/T6zr5ceFR1I\/AAAAAAAACD8\/L4wRHPBdKTo\/s400\/contracapaP.JPG\" width=\"392\" \/><\/a><\/div>\n<p>Bom dia, amigos cultos, ocultos e associados de plant\u00e3o! Independente de ser sexta feira, hoje por aqui eu vou de Itamar Assump\u00e7\u00e3o. Ta\u00ed um artista, que vez por outra eu gosto de escutar e que para mim, j\u00e1 estava postado aqui no Toque Musical. Mas, s\u00e3o tantas as emo\u00e7\u00f5es que eu nem mais sabia se j\u00e1 o havia postado ou n\u00e3o. Pessoalmente, &#8220;Belel\u00e9u e a Banda Isca de Pol\u00edcia&#8221; \u00e9 insuper\u00e1vel e por acaso eu j\u00e1 postei. Assim, vamos com este outro \u00e1lbum, de 1993, lan\u00e7ado pelo selo independente Baratos Afins. Aqui encontramos Itamar acompanhado do grupo feminino &#8220;As Orqu\u00eddeas do Brasil&#8221;. &#8220;Bicho de sete cabe\u00e7as&#8221; foi um \u00e1lbum onde Itamar contou apenas com mulheres. Al\u00e9m das Orqu\u00eddeas, participam tamb\u00e9m outras artistas de destaque como, Rita Lee e as irm\u00e3s Alzira e Tet\u00ea Esp\u00edndola. Segundo o texto do encarte, o &#8216;aviso aos navegantes&#8217;, este disco \u00e9 a primeira parte da trilogia &#8220;Bicho de Sete Cabe\u00e7as&#8221;, todos gravados em 1993. Neste primeiro, Itamar se encontra muito a vontade, desfilando suas composi\u00e7\u00f5es e parcerias. Apenas a faixa &#8220;Balaio&#8221; n\u00e3o \u00e9 de sua autoria. Me parece que este disco chegou a ser relan\u00e7ado com outra capa ou algo assim. Foi lan\u00e7ado tamb\u00e9m em cd, mas duvido que ainda se encontre para venda, a n\u00e3o ser por sorte em algum sebo por a\u00ed&#8230; N\u00e3o deixe de conferir&#8230; mas antes, tem que pedir, ok? \u00a0\ud83d\ude09<\/p>\n<div style=\"text-align: center;\">sujeito a chuvas e trovoadas<\/div>\n<div style=\"text-align: center;\">venha at\u00e9 s\u00e3o paulo<\/div>\n<div style=\"text-align: center;\">custa nada sonhar<\/div>\n<div style=\"text-align: center;\">quem \u00e9 cover de quem<\/div>\n<div style=\"text-align: center;\">noite torta<\/div>\n<div style=\"text-align: center;\">balaio<\/div>\n<div style=\"text-align: center;\">vou tirar voc\u00ea do dicion\u00e1rio<\/div>\n<div style=\"text-align: center;\">logo que eu acordo<\/div>\n<div style=\"text-align: center;\">orqu\u00eddeas<\/div>\n<div style=\"text-align: center;\">se a obra \u00e9 a soma das penas<\/div>\n<div style=\"text-align: center;\">quem descobriu, descobriu<\/div>\n<div style=\"text-align: center;\"><\/div>\n<div style=\"text-align: center;\"><\/div>\n","protected":false},"excerpt":{"rendered":"<p>Bom dia, amigos cultos, ocultos e associados de plant\u00e3o! Independente de ser sexta feira, hoje por aqui eu vou de Itamar Assump\u00e7\u00e3o. Ta\u00ed um artista, que vez por outra eu gosto de escutar e que para mim, j\u00e1 estava postado &hellip; <a href=\"https:\/\/www.toque-musicall.com\/?p=67\">Continue lendo <span class=\"meta-nav\">&rarr;<\/span><\/a><\/p>\n","protected":false},"author":1,"featured_media":0,"comment_status":"open","ping_status":"closed","sticky":false,"template":"","format":"standard","meta":{"footnotes":""},"categories":[97,98],"tags":[],"class_list":["post-67","post","type-post","status-publish","format-standard","hentry","category-itamar-assumpcao","category-selo-baratos-afins"],"_links":{"self":[{"href":"https:\/\/www.toque-musicall.com\/index.php?rest_route=\/wp\/v2\/posts\/67","targetHints":{"allow":["GET"]}}],"collection":[{"href":"https:\/\/www.toque-musicall.com\/index.php?rest_route=\/wp\/v2\/posts"}],"about":[{"href":"https:\/\/www.toque-musicall.com\/index.php?rest_route=\/wp\/v2\/types\/post"}],"author":[{"embeddable":true,"href":"https:\/\/www.toque-musicall.com\/index.php?rest_route=\/wp\/v2\/users\/1"}],"replies":[{"embeddable":true,"href":"https:\/\/www.toque-musicall.com\/index.php?rest_route=%2Fwp%2Fv2%2Fcomments&post=67"}],"version-history":[{"count":0,"href":"https:\/\/www.toque-musicall.com\/index.php?rest_route=\/wp\/v2\/posts\/67\/revisions"}],"wp:attachment":[{"href":"https:\/\/www.toque-musicall.com\/index.php?rest_route=%2Fwp%2Fv2%2Fmedia&parent=67"}],"wp:term":[{"taxonomy":"category","embeddable":true,"href":"https:\/\/www.toque-musicall.com\/index.php?rest_route=%2Fwp%2Fv2%2Fcategories&post=67"},{"taxonomy":"post_tag","embeddable":true,"href":"https:\/\/www.toque-musicall.com\/index.php?rest_route=%2Fwp%2Fv2%2Ftags&post=67"}],"curies":[{"name":"wp","href":"https:\/\/api.w.org\/{rel}","templated":true}]}}