{"id":6701,"date":"2019-01-18T08:31:14","date_gmt":"2019-01-18T10:31:14","guid":{"rendered":"http:\/\/www.toque-musicall.com\/?p=6701"},"modified":"2020-01-26T19:05:57","modified_gmt":"2020-01-26T22:05:57","slug":"chiquinho-e-sua-orquestra-de-dancas-1959","status":"publish","type":"post","link":"https:\/\/www.toque-musicall.com\/?p=6701","title":{"rendered":"Chiquinho E Sua Orquestra De Dan\u00e7as (1959)"},"content":{"rendered":"\n<figure class=\"wp-block-image\"><img decoding=\"async\" src=\"https:\/\/1.bp.blogspot.com\/-EwDgtcok7xs\/XJTDttc_pGI\/AAAAAAAAPlg\/THdY5qq4Wggw0W_wMG_WZRCShFv2eAj5gCLcBGAs\/s640\/Anota%25C3%25A7%25C3%25A3o%2B2019-02-22%2B184848.jpg\" alt=\"\"\/><\/figure>\n\n\n\n<figure class=\"wp-block-image\"><img decoding=\"async\" src=\"https:\/\/3.bp.blogspot.com\/-9N8IWOR0ftQ\/XJTDts_lNTI\/AAAAAAAAPlc\/iGZtzf5VoUoeVw-FMVGHOh-tXnZ-XZfFwCLcBGAs\/s640\/Anota%25C3%25A7%25C3%25A3o%2B2019-02-23%2B084600.jpg\" alt=\"\"\/><\/figure>\n\n\n<p>O Toque Musical oferece hoje a seus amigos cultos e ocultos mais um \u00e1lbum na linha dan\u00e7ante, desses que eram lan\u00e7ados aos cachos nas d\u00e9cadas de 1950\/60, sempre com vendagem garantida. Aqui, quem bate o ponto com sua orquestra de dan\u00e7as \u00e9 o maestro Chiquinho (Francisco Duarte), tamb\u00e9m trompetista e compositor. Nasceu no Rio de Janeiro, no bairro da Gamboa, em 3 de dezembro de 1907, e era um dos maestros mais requisitados para os programas de audit\u00f3rio do r\u00e1dio, pois sua risada, que era engra\u00e7ad\u00edssima, era utilizada pelos apresentadores como um recurso para contagiar o p\u00fablico presente. Sua simpatia, reconhecida por todos que conviveram com ele, lhe rendeu o slogan de \u201cmaestro da simpatia\u201d, conferido pelo apresentador C\u00e9sar de Alencar. Chiquinho tamb\u00e9m era conhecido como \u201cmaestro do len\u00e7o\u201d, pois tinha mania de usar um len\u00e7o na m\u00e3o enquanto regia, por suar muito nas m\u00e3os. O len\u00e7o, de dimens\u00e3o maior que a usual, era colocado na lapela, fazendo dele uma figura de apar\u00eancia original, fato que lhe deu grande notoriedade. Faleceu em seu Rio natal, em primeiro de novembro de 1983. Neste LP, lan\u00e7ado pela Polydor\u00a0 em 1959, figuram, como sempre acontecia, sucessos da \u00e9poca, tais como \u201cAve Maria Lola\u201d, \u201cOntem e hoje\u201d, \u201cSiete notas de amor\u201d e \u201cApito no samba\u201d. Tudo com a compet\u00eancia do maestro Chiquinho, em mais uma raridade que o TM nos oferece.<\/p>\n<div style=\"text-align: center;\">apito no samba<\/div>\n<div style=\"text-align: center;\">ontem e hoje<\/div>\n<div style=\"text-align: center;\">ave maria lola<\/div>\n<div style=\"text-align: center;\">viale d&#8217;autunno<\/div>\n<div style=\"text-align: center;\">padre don jos\u00e9<\/div>\n<div style=\"text-align: center;\">tr\u00e1gica mentira<\/div>\n<div style=\"text-align: center;\">sambando em paris<\/div>\n<div style=\"text-align: center;\">why wait<\/div>\n<div style=\"text-align: center;\">vogliamoci tanto bene<\/div>\n<div style=\"text-align: center;\">calor do samba<\/div>\n<div style=\"text-align: center;\">siete notas de amor<\/div>\n<div style=\"text-align: center;\">gostosinho<\/div>\n<p style=\"text-align: left;\">.<br \/>*Texto de Samuel Machado Filho<\/p>","protected":false},"excerpt":{"rendered":"<p>O Toque Musical oferece hoje a seus amigos cultos e ocultos mais um \u00e1lbum na linha dan\u00e7ante, desses que eram lan\u00e7ados aos cachos nas d\u00e9cadas de 1950\/60, sempre com vendagem garantida. Aqui, quem bate o ponto com sua orquestra de &hellip; <a href=\"https:\/\/www.toque-musicall.com\/?p=6701\">Continue lendo <span class=\"meta-nav\">&rarr;<\/span><\/a><\/p>\n","protected":false},"author":1,"featured_media":0,"comment_status":"open","ping_status":"closed","sticky":false,"template":"","format":"standard","meta":{"footnotes":""},"categories":[724,146],"tags":[3422,3057],"class_list":["post-6701","post","type-post","status-publish","format-standard","hentry","category-chiquinho-e-sua-orquestra","category-selo-polydor","tag-chiquinho-e-sua-orquestra-de-dancas","tag-selo-polydor"],"_links":{"self":[{"href":"https:\/\/www.toque-musicall.com\/index.php?rest_route=\/wp\/v2\/posts\/6701","targetHints":{"allow":["GET"]}}],"collection":[{"href":"https:\/\/www.toque-musicall.com\/index.php?rest_route=\/wp\/v2\/posts"}],"about":[{"href":"https:\/\/www.toque-musicall.com\/index.php?rest_route=\/wp\/v2\/types\/post"}],"author":[{"embeddable":true,"href":"https:\/\/www.toque-musicall.com\/index.php?rest_route=\/wp\/v2\/users\/1"}],"replies":[{"embeddable":true,"href":"https:\/\/www.toque-musicall.com\/index.php?rest_route=%2Fwp%2Fv2%2Fcomments&post=6701"}],"version-history":[{"count":2,"href":"https:\/\/www.toque-musicall.com\/index.php?rest_route=\/wp\/v2\/posts\/6701\/revisions"}],"predecessor-version":[{"id":7113,"href":"https:\/\/www.toque-musicall.com\/index.php?rest_route=\/wp\/v2\/posts\/6701\/revisions\/7113"}],"wp:attachment":[{"href":"https:\/\/www.toque-musicall.com\/index.php?rest_route=%2Fwp%2Fv2%2Fmedia&parent=6701"}],"wp:term":[{"taxonomy":"category","embeddable":true,"href":"https:\/\/www.toque-musicall.com\/index.php?rest_route=%2Fwp%2Fv2%2Fcategories&post=6701"},{"taxonomy":"post_tag","embeddable":true,"href":"https:\/\/www.toque-musicall.com\/index.php?rest_route=%2Fwp%2Fv2%2Ftags&post=6701"}],"curies":[{"name":"wp","href":"https:\/\/api.w.org\/{rel}","templated":true}]}}