{"id":672,"date":"2010-10-17T12:32:00","date_gmt":"2010-10-17T12:32:00","guid":{"rendered":"http:\/\/www.toque-musicall.com\/?p=672"},"modified":"2015-01-24T16:22:14","modified_gmt":"2015-01-24T18:22:14","slug":"johnny-alf-1963","status":"publish","type":"post","link":"https:\/\/www.toque-musicall.com\/?p=672","title":{"rendered":"Johnny Alf &#8211; 1964 (2010)"},"content":{"rendered":"<p><img loading=\"lazy\" decoding=\"async\" class=\"aligncenter\" alt=\"\" src=\"http:\/\/1.bp.blogspot.com\/-XZIflwMK_N0\/VMPaWvhD8xI\/AAAAAAAALBs\/tTroHa98-cI\/s1600\/JA%2BFp.JPG\" width=\"1000\" height=\"967\" \/><\/p>\n<p><img loading=\"lazy\" decoding=\"async\" class=\"aligncenter\" alt=\"\" src=\"http:\/\/4.bp.blogspot.com\/-z5m1Bx-UlLw\/VMPaeagGUNI\/AAAAAAAALB0\/AMzJT5ZCt2o\/s1600\/JA%2BB%2Bvinil%2Bp.JPG\" width=\"1000\" height=\"1004\" \/><\/p>\n<p>Coisa mais esquisita&#8230; Acordei hoje com uma vontade danada de ouvir Johnny Alf. Enquanto prepara a o caf\u00e9, fui ouvindo o \u00e1lbum &#8220;Diagonal&#8221;, que h\u00e1 muito eu n\u00e3o o escutava na \u00edntegra. Adoro a interpreta\u00e7\u00e3o do Johnny em &#8220;Seu Chopin, desculpe&#8221; e foi logo chegando na faixa para consequentemente eu me lembrar da vers\u00e3o que ele tamb\u00e9m canta em ingl\u00eas. No dia em que ele faleceu eu fiz quest\u00e3o de postar um de seus discos aqui no Toque Musical, o &#8220;N\u00f3s&#8221;. Neste mesmo dia, a noite, um dos meus amigos cultos, o Tales, me enviou um presentinho para ser colocado no blog naquele dia. Pena que chegou depois que eu j\u00e1 havia feito a postagem. Mas o arquivo que ele me enviou era o t\u00e3o falado (por mim nunca escutado) \u00e1lbum de Alf, que nunca chegou a ser lan\u00e7ado, onde o artista canta em ingl\u00eas. Naquele mesmo momento eu fui logo procurar na rede informa\u00e7\u00f5es sobre o tal disco. Me lembro que haviam diversos sites falando sobre o assunto. Como eu j\u00e1 havia feito a minha homenagem, resolvi deixar o Alf em ingl\u00eas para um outro momento. Coisa mais esquisita&#8230;, curiosamente hoje, ao procurar tais informa\u00e7\u00f5es, numa vasculhada por alto, n\u00e3o vi uma refer\u00eancia sobre as grava\u00e7\u00f5es. Como estou com pouco tempo para ficar sentado na frente de um computador, vou deixar a quest\u00e3o para ser debatida no nosso Coment\u00e1rios. Para embrulhar o presente, entre as torradas e goles de caf\u00e9, fui criando uma capinha exclusiva para esta raridade. Afinal, este disco tem tudo a ver com o Toque Musical \ud83d\ude09<\/p>\n<div align=\"center\">desafinado<\/div>\n<div align=\"center\">one note samba<\/div>\n<div align=\"center\">sky and sea<\/div>\n<div align=\"center\">brigas nunca mais<\/div>\n<div align=\"center\">gostar de algu\u00e9m<\/div>\n<div align=\"center\">pernas<\/div>\n<div align=\"center\">barquinho<\/div>\n<div align=\"center\">corcovado<\/div>\n<div align=\"center\">n\u00f3s e o mar<\/div>\n<div align=\"center\">rapaz de bem<\/div>\n<div align=\"center\">seu chopin, desculpe<\/div>\n<div align=\"center\">medita\u00e7\u00e3o<\/div>\n<div align=\"center\"><\/div>\n<div align=\"center\"><\/div>\n","protected":false},"excerpt":{"rendered":"<p>Coisa mais esquisita&#8230; Acordei hoje com uma vontade danada de ouvir Johnny Alf. Enquanto prepara a o caf\u00e9, fui ouvindo o \u00e1lbum &#8220;Diagonal&#8221;, que h\u00e1 muito eu n\u00e3o o escutava na \u00edntegra. Adoro a interpreta\u00e7\u00e3o do Johnny em &#8220;Seu Chopin, &hellip; <a href=\"https:\/\/www.toque-musicall.com\/?p=672\">Continue lendo <span class=\"meta-nav\">&rarr;<\/span><\/a><\/p>\n","protected":false},"author":1,"featured_media":0,"comment_status":"open","ping_status":"closed","sticky":false,"template":"","format":"standard","meta":{"footnotes":""},"categories":[11,568],"tags":[],"class_list":["post-672","post","type-post","status-publish","format-standard","hentry","category-exclusivos-do-toque-musical","category-johnny-alf"],"_links":{"self":[{"href":"https:\/\/www.toque-musicall.com\/index.php?rest_route=\/wp\/v2\/posts\/672","targetHints":{"allow":["GET"]}}],"collection":[{"href":"https:\/\/www.toque-musicall.com\/index.php?rest_route=\/wp\/v2\/posts"}],"about":[{"href":"https:\/\/www.toque-musicall.com\/index.php?rest_route=\/wp\/v2\/types\/post"}],"author":[{"embeddable":true,"href":"https:\/\/www.toque-musicall.com\/index.php?rest_route=\/wp\/v2\/users\/1"}],"replies":[{"embeddable":true,"href":"https:\/\/www.toque-musicall.com\/index.php?rest_route=%2Fwp%2Fv2%2Fcomments&post=672"}],"version-history":[{"count":4,"href":"https:\/\/www.toque-musicall.com\/index.php?rest_route=\/wp\/v2\/posts\/672\/revisions"}],"predecessor-version":[{"id":4744,"href":"https:\/\/www.toque-musicall.com\/index.php?rest_route=\/wp\/v2\/posts\/672\/revisions\/4744"}],"wp:attachment":[{"href":"https:\/\/www.toque-musicall.com\/index.php?rest_route=%2Fwp%2Fv2%2Fmedia&parent=672"}],"wp:term":[{"taxonomy":"category","embeddable":true,"href":"https:\/\/www.toque-musicall.com\/index.php?rest_route=%2Fwp%2Fv2%2Fcategories&post=672"},{"taxonomy":"post_tag","embeddable":true,"href":"https:\/\/www.toque-musicall.com\/index.php?rest_route=%2Fwp%2Fv2%2Ftags&post=672"}],"curies":[{"name":"wp","href":"https:\/\/api.w.org\/{rel}","templated":true}]}}