{"id":6721,"date":"2019-01-22T10:00:55","date_gmt":"2019-01-22T12:00:55","guid":{"rendered":"http:\/\/www.toque-musicall.com\/?p=6721"},"modified":"2019-03-24T10:04:59","modified_gmt":"2019-03-24T13:04:59","slug":"irwin-wiener-ao-piano-ray-o-vac-1968","status":"publish","type":"post","link":"https:\/\/www.toque-musicall.com\/?p=6721","title":{"rendered":"Irwin Wiener &#8211; Ao Piano &#8211; Ray-O-Vac (1968)"},"content":{"rendered":"\n<figure class=\"wp-block-image\"><img decoding=\"async\" src=\"https:\/\/4.bp.blogspot.com\/-LFUPhP42B-A\/XJaQID_MVpI\/AAAAAAAAPl0\/-GlYZszKefc5ifBxFSupnv9a2kPnceTfgCLcBGAs\/s640\/Anota%25C3%25A7%25C3%25A3o%2B2019-03-23%2B163347.jpg\" alt=\"\"\/><\/figure>\n\n\n\n<figure class=\"wp-block-image\"><img decoding=\"async\" src=\"https:\/\/1.bp.blogspot.com\/-j646IIVfqxg\/XJaQIBV720I\/AAAAAAAAPlw\/_NHzDtTD9KQ0XQQS83rgiXa0Xo9MbmRfQCLcBGAs\/s640\/Anota%25C3%25A7%25C3%25A3o%2B2019-03-23%2B163245.jpg\" alt=\"\"\/><\/figure>\n\n\n<p>Boa tarde, amigos cultos e ocultos! Mais uma vez por aqui temos um disco promocional da tradicional pilha Ray-O-Vac. J\u00e1 postamos aqui alguns outros desses discos com o maestro Tibor Reisner, h\u00fangaro naturalizado brasileiro. Agora temos Erwin Wiener, um nome tamb\u00e9m pouco conhecido entre n\u00f3s. Segundo a contracapa, &#8220;pertenceu au um grupo de pianistas internacionais e criou fama na Europa pelo seu estilo inconfund\u00edvel, mel\u00f3dico e r\u00edtmico. Atuou durante muitos anos nas mais importantes emissoras do velho mundo. Em 1946 radicou-se no Brasil, aqui trabalhando em muitas boates, esta\u00e7\u00f5es de r\u00e1dio e televis\u00e3o. Gravou v\u00e1rios lps pela Odeon, RGE, Fermata e Imperial.&#8221;<br \/>&#8220;Melodias para ouvir e dan\u00e7ar&#8221; segue o padr\u00e3o de outros discos do g\u00eanero, uma sele\u00e7\u00e3o de temas famosos. nacionais e internacionais. Pessoalmente, achei o disco bem interessante, com arranjos envolventes e um repert\u00f3rio variado, sendo na maioria, duas m\u00fasicas para cada faixa. Disquinho curioso, que vale uma conferida \ud83d\ude09<\/p>\n<div style=\"text-align: center;\">colonel bogey<\/div>\n<div style=\"text-align: center;\">sarie marie<\/div>\n<div style=\"text-align: center;\">valsa do imperador<\/div>\n<div style=\"text-align: center;\">amen<\/div>\n<div style=\"text-align: center;\">dominique<\/div>\n<div style=\"text-align: center;\">retorna aos meus bra\u00e7os<\/div>\n<div style=\"text-align: center;\">unchained melody<\/div>\n<div style=\"text-align: center;\">sukyaki<\/div>\n<div style=\"text-align: center;\">sonho azul<\/div>\n<div style=\"text-align: center;\">bolinha de sab\u00e3o<\/div>\n<div style=\"text-align: center;\">pandeiro triste<\/div>\n<div style=\"text-align: center;\">java<\/div>\n<div style=\"text-align: center;\">kissin cousin<\/div>\n<div style=\"text-align: center;\">ritmo da chuva<\/div>\n<div style=\"text-align: center;\">31 sabores<\/div>\n<div style=\"text-align: center;\">sweet september<\/div>\n<div style=\"text-align: center;\">roberta<\/div>\n<div style=\"text-align: center;\">o terceiro homem<\/div>\n<div style=\"text-align: center;\">ha cha cha<\/div>\n<div style=\"text-align: center;\">sinos de lisboa<\/div>\n<div style=\"text-align: center;\">benfica<\/div>\n<p style=\"text-align: center;\"><br \/>.<\/p>","protected":false},"excerpt":{"rendered":"<p>Boa tarde, amigos cultos e ocultos! Mais uma vez por aqui temos um disco promocional da tradicional pilha Ray-O-Vac. J\u00e1 postamos aqui alguns outros desses discos com o maestro Tibor Reisner, h\u00fangaro naturalizado brasileiro. Agora temos Erwin Wiener, um nome &hellip; <a href=\"https:\/\/www.toque-musicall.com\/?p=6721\">Continue lendo <span class=\"meta-nav\">&rarr;<\/span><\/a><\/p>\n","protected":false},"author":1,"featured_media":0,"comment_status":"closed","ping_status":"closed","sticky":false,"template":"","format":"standard","meta":{"footnotes":""},"categories":[3078,439],"tags":[3079],"class_list":["post-6721","post","type-post","status-publish","format-standard","hentry","category-erwin-wiener","category-selo-fermata","tag-erwin-wiener"],"_links":{"self":[{"href":"https:\/\/www.toque-musicall.com\/index.php?rest_route=\/wp\/v2\/posts\/6721","targetHints":{"allow":["GET"]}}],"collection":[{"href":"https:\/\/www.toque-musicall.com\/index.php?rest_route=\/wp\/v2\/posts"}],"about":[{"href":"https:\/\/www.toque-musicall.com\/index.php?rest_route=\/wp\/v2\/types\/post"}],"author":[{"embeddable":true,"href":"https:\/\/www.toque-musicall.com\/index.php?rest_route=\/wp\/v2\/users\/1"}],"replies":[{"embeddable":true,"href":"https:\/\/www.toque-musicall.com\/index.php?rest_route=%2Fwp%2Fv2%2Fcomments&post=6721"}],"version-history":[{"count":1,"href":"https:\/\/www.toque-musicall.com\/index.php?rest_route=\/wp\/v2\/posts\/6721\/revisions"}],"predecessor-version":[{"id":6722,"href":"https:\/\/www.toque-musicall.com\/index.php?rest_route=\/wp\/v2\/posts\/6721\/revisions\/6722"}],"wp:attachment":[{"href":"https:\/\/www.toque-musicall.com\/index.php?rest_route=%2Fwp%2Fv2%2Fmedia&parent=6721"}],"wp:term":[{"taxonomy":"category","embeddable":true,"href":"https:\/\/www.toque-musicall.com\/index.php?rest_route=%2Fwp%2Fv2%2Fcategories&post=6721"},{"taxonomy":"post_tag","embeddable":true,"href":"https:\/\/www.toque-musicall.com\/index.php?rest_route=%2Fwp%2Fv2%2Ftags&post=6721"}],"curies":[{"name":"wp","href":"https:\/\/api.w.org\/{rel}","templated":true}]}}