{"id":6723,"date":"2019-01-26T10:05:51","date_gmt":"2019-01-26T12:05:51","guid":{"rendered":"http:\/\/www.toque-musicall.com\/?p=6723"},"modified":"2019-03-24T10:09:55","modified_gmt":"2019-03-24T13:09:55","slug":"banco-da-lavoura-compacto-1962","status":"publish","type":"post","link":"https:\/\/www.toque-musicall.com\/?p=6723","title":{"rendered":"Banco Da Lavoura &#8211; Compacto (1962)"},"content":{"rendered":"\n<figure class=\"wp-block-image\"><img decoding=\"async\" src=\"https:\/\/4.bp.blogspot.com\/-5Li4_mlohfs\/XJdwEd7wcII\/AAAAAAAAPmE\/mHRYMMRd_wgL0EXHwb6k09efS_QZOwOIgCLcBGAs\/s640\/Anota%25C3%25A7%25C3%25A3o%2B2019-03-24%2B085650.jpg\" alt=\"\"\/><\/figure>\n\n\n\n<figure class=\"wp-block-image\"><img decoding=\"async\" src=\"https:\/\/1.bp.blogspot.com\/-o1Wk_RwFsOM\/XJdwEO7PsZI\/AAAAAAAAPmA\/JafH3jKClsMI5IURF1KQDEOPp9lyMKVdgCLcBGAs\/s640\/Anota%25C3%25A7%25C3%25A3o%2B2019-03-24%2B085750.jpg\" alt=\"\"\/><\/figure>\n\n\n<p>Muito bom dia, amigos cultos e ocultos! Mantendo sempre a tradi\u00e7\u00e3o de apresentar aqui coisas raras e curiosas, discos para se ouvir com outros olhos, hoje temos esse saudoso compacto do Banco da Lavoura. Certamente, muita gente ainda h\u00e1 de se lembrar, em especial os mineiros, pois o Banco da Lavoura foi criado em Minas Gerais, creio, ainda nos anos 40. Foi, sem d\u00favida uma das institui\u00e7\u00f5es financeiras mais importantes do Brasil. Nos anos 70 se transformou no Banco Real e hoje, ao que parece, pertence ao Santander. A rela\u00e7\u00e3o do povo mineiro com este banco \u00e9 muito forte, pois foi por um longo tempo o banco da fam\u00edlia e porque n\u00e3o dizer, o banco da crian\u00e7ada. Digo isso porque foi o Banco da Lavoura quem criou a primeira ag\u00eancia infantil, ou seja, uma agencia banc\u00e1ria voltada para a poupan\u00e7a a partir da inf\u00e2ncia, isso no final dos anos 50. Para tanto, criaram campanhas publicit\u00e1rias e at\u00e9 mesmo um setor dedicado a crian\u00e7ada, com direito a programas na televis\u00e3o, suplementos liter\u00e1rios, revistinhas, cofrinhos e este disquinho. Havia tamb\u00e9m na \u00e9poca, em Belo Horizonte, a TV Itacolomi, que ficava no Edif\u00edcio Acaiaca e era l\u00e1 que acontecia um programa infantil de muito sucesso, apresentado pela pr\u00f3pria gerente do banco, a Dulce, ou como viria a ser conhecida, Tia Dulce, isso j\u00e1 no in\u00edcio dos anos 60. O presente disquinho, um compacto simples, foi lan\u00e7ado, acredito eu, por volta de 1961 ou 62 e traz duas m\u00fasicas. A primeira e principal \u00e9 a &#8220;Marchinha Banlavoura&#8221;, um jingles de autoria de Marina Aparecida Timponi, que era ent\u00e3o funcion\u00e1ria rec\u00e9m contratada do banco. Contam que no segundo dia de trabalho ela fez a m\u00fasica, que logo se tornaria conhecida pelo Brasil. A outra faixa \u00e9 &#8220;Na minha casa tem&#8221;, m\u00fasica de cunho folcl\u00f3rico-infantil, gravada anteriormente pelo Trio Irakitan nos anos 50. Ta\u00ed um disquinho que vai fazer muita gente matar a saudade daqueles tempos que n\u00e3o voltam mais \ud83d\ude42 Confiram no GTM.<\/p>\n<div style=\"text-align: center;\">na minha casa tem<\/div>\n<div style=\"text-align: center;\">marchinha do banlavoura<\/div>\n<p><br \/>.<\/p>","protected":false},"excerpt":{"rendered":"<p>Muito bom dia, amigos cultos e ocultos! Mantendo sempre a tradi\u00e7\u00e3o de apresentar aqui coisas raras e curiosas, discos para se ouvir com outros olhos, hoje temos esse saudoso compacto do Banco da Lavoura. Certamente, muita gente ainda h\u00e1 de &hellip; <a href=\"https:\/\/www.toque-musicall.com\/?p=6723\">Continue lendo <span class=\"meta-nav\">&rarr;<\/span><\/a><\/p>\n","protected":false},"author":1,"featured_media":0,"comment_status":"closed","ping_status":"closed","sticky":false,"template":"","format":"standard","meta":{"footnotes":""},"categories":[3081,93],"tags":[3080,3072],"class_list":["post-6723","post","type-post","status-publish","format-standard","hentry","category-banlavoura","category-compactos","tag-banlavoura","tag-compactos"],"_links":{"self":[{"href":"https:\/\/www.toque-musicall.com\/index.php?rest_route=\/wp\/v2\/posts\/6723","targetHints":{"allow":["GET"]}}],"collection":[{"href":"https:\/\/www.toque-musicall.com\/index.php?rest_route=\/wp\/v2\/posts"}],"about":[{"href":"https:\/\/www.toque-musicall.com\/index.php?rest_route=\/wp\/v2\/types\/post"}],"author":[{"embeddable":true,"href":"https:\/\/www.toque-musicall.com\/index.php?rest_route=\/wp\/v2\/users\/1"}],"replies":[{"embeddable":true,"href":"https:\/\/www.toque-musicall.com\/index.php?rest_route=%2Fwp%2Fv2%2Fcomments&post=6723"}],"version-history":[{"count":1,"href":"https:\/\/www.toque-musicall.com\/index.php?rest_route=\/wp\/v2\/posts\/6723\/revisions"}],"predecessor-version":[{"id":6724,"href":"https:\/\/www.toque-musicall.com\/index.php?rest_route=\/wp\/v2\/posts\/6723\/revisions\/6724"}],"wp:attachment":[{"href":"https:\/\/www.toque-musicall.com\/index.php?rest_route=%2Fwp%2Fv2%2Fmedia&parent=6723"}],"wp:term":[{"taxonomy":"category","embeddable":true,"href":"https:\/\/www.toque-musicall.com\/index.php?rest_route=%2Fwp%2Fv2%2Fcategories&post=6723"},{"taxonomy":"post_tag","embeddable":true,"href":"https:\/\/www.toque-musicall.com\/index.php?rest_route=%2Fwp%2Fv2%2Ftags&post=6723"}],"curies":[{"name":"wp","href":"https:\/\/api.w.org\/{rel}","templated":true}]}}