{"id":673,"date":"2010-10-17T01:59:00","date_gmt":"2010-10-17T01:59:00","guid":{"rendered":"http:\/\/www.toque-musicall.com\/?p=673"},"modified":"2013-01-02T07:54:53","modified_gmt":"2013-01-02T09:54:53","slug":"villa-lobos-o-interprete-choros-no-1-e-outras-pecas-1970","status":"publish","type":"post","link":"https:\/\/www.toque-musicall.com\/?p=673","title":{"rendered":"Villa-Lobos &#8211; O Int\u00e9rprete, Choros N\u00ba 1 E Outras Pe\u00e7as (1970)"},"content":{"rendered":"<p><a href=\"http:\/\/4.bp.blogspot.com\/_DSKVEvHtskc\/TLpY0Xeq6tI\/AAAAAAAAHLg\/Tn0UC0pJBh8\/s1600\/villa+lobos+P.JPG\"><img decoding=\"async\" id=\"BLOGGER_PHOTO_ID_5528829149229804242\" style=\"text-align: center; margin: 0px auto 10px; width: 396px; display: block; height: 400px; cursor: hand;\" src=\"http:\/\/4.bp.blogspot.com\/_DSKVEvHtskc\/TLpY0Xeq6tI\/AAAAAAAAHLg\/Tn0UC0pJBh8\/s400\/villa+lobos+P.JPG\" alt=\"\" border=\"0\" \/><\/a> Ol\u00e1, amigos cultos e ocultos. O nosso s\u00e1bado de hoje vai ser mais curto com a entrada do hor\u00e1rio de ver\u00e3o. Daqui a uma hora ser\u00e1 domingo. Eu, perdido entre tantas tarefas nem me dei conta disso, ali\u00e1s pensei at\u00e9 que j\u00e1 tivesse feito a postagem do dia.<br \/>\nEnt\u00e3o, para fechar o s\u00e1bado e saldar o hor\u00e1rio de ver\u00e3o (ups!), vou postar aqui uma raridade dessas que s\u00f3 o Toque Musical tem. Apresento a voc\u00eas este disco raro do selo Caravelle contendo ainda mais raros registros de Villa-Lobos como int\u00e9prete. Trata-se de grava\u00e7\u00f5es bem antigas, algumas de 1936, feitas pelo Maestro na Reichsrundfunk, em Berlim. Para essas, Villa-Lobos toca algumas de suas pe\u00e7as ao piano acompanhado pela cantora alem\u00e3 Beate Rosenkreutzer. Outras grava\u00e7\u00f5es s\u00e3o de 1951, pelo que tudo indica, durante uma turn\u00ea no nordeste. Nesta, temos o Maestro tocando viol\u00e3o e tamb\u00e9m em um discurso de quase vinte minutos.<br \/>\nDesculpem, hoje eu n\u00e3o vou entrar muito em detalhes ou mesmo alert\u00e1-los ainda mais para a import\u00e2ncia desse disco. Estou nessa altura do campeonato totalmente esgotado. Vou acabar dormindo sobre o teclado. Confiram a\u00ed e na sequ\u00eancia a gente fala mais do disco, ok?<\/p>\n<div align=\"center\">prel\u00fadio n\u00ba 1<\/div>\n<div align=\"center\">palavras de villa-lobos<\/div>\n<div align=\"center\">choros n\u00ba 1<\/div>\n<div align=\"center\">nhapor\u00e9<\/div>\n<div align=\"center\">guriat\u00e3 do coqueiro<\/div>\n<div align=\"center\">choros n\u00ba 5 &#8211; alma brasileira<\/div>\n<div align=\"center\">um canto que sai da senzala<\/div>\n<div align=\"center\">xang\u00f4<\/div>\n<div align=\"center\">lenda do caboclo<\/div>\n<div align=\"center\">polichinelo<\/div>\n","protected":false},"excerpt":{"rendered":"<p>Ol\u00e1, amigos cultos e ocultos. O nosso s\u00e1bado de hoje vai ser mais curto com a entrada do hor\u00e1rio de ver\u00e3o. Daqui a uma hora ser\u00e1 domingo. Eu, perdido entre tantas tarefas nem me dei conta disso, ali\u00e1s pensei at\u00e9 &hellip; <a href=\"https:\/\/www.toque-musicall.com\/?p=673\">Continue lendo <span class=\"meta-nav\">&rarr;<\/span><\/a><\/p>\n","protected":false},"author":1,"featured_media":0,"comment_status":"open","ping_status":"closed","sticky":false,"template":"","format":"standard","meta":{"footnotes":""},"categories":[442],"tags":[],"class_list":["post-673","post","type-post","status-publish","format-standard","hentry","category-villa-lobos"],"_links":{"self":[{"href":"https:\/\/www.toque-musicall.com\/index.php?rest_route=\/wp\/v2\/posts\/673","targetHints":{"allow":["GET"]}}],"collection":[{"href":"https:\/\/www.toque-musicall.com\/index.php?rest_route=\/wp\/v2\/posts"}],"about":[{"href":"https:\/\/www.toque-musicall.com\/index.php?rest_route=\/wp\/v2\/types\/post"}],"author":[{"embeddable":true,"href":"https:\/\/www.toque-musicall.com\/index.php?rest_route=\/wp\/v2\/users\/1"}],"replies":[{"embeddable":true,"href":"https:\/\/www.toque-musicall.com\/index.php?rest_route=%2Fwp%2Fv2%2Fcomments&post=673"}],"version-history":[{"count":2,"href":"https:\/\/www.toque-musicall.com\/index.php?rest_route=\/wp\/v2\/posts\/673\/revisions"}],"predecessor-version":[{"id":2830,"href":"https:\/\/www.toque-musicall.com\/index.php?rest_route=\/wp\/v2\/posts\/673\/revisions\/2830"}],"wp:attachment":[{"href":"https:\/\/www.toque-musicall.com\/index.php?rest_route=%2Fwp%2Fv2%2Fmedia&parent=673"}],"wp:term":[{"taxonomy":"category","embeddable":true,"href":"https:\/\/www.toque-musicall.com\/index.php?rest_route=%2Fwp%2Fv2%2Fcategories&post=673"},{"taxonomy":"post_tag","embeddable":true,"href":"https:\/\/www.toque-musicall.com\/index.php?rest_route=%2Fwp%2Fv2%2Ftags&post=673"}],"curies":[{"name":"wp","href":"https:\/\/api.w.org\/{rel}","templated":true}]}}