{"id":6730,"date":"2019-02-08T15:45:27","date_gmt":"2019-02-08T17:45:27","guid":{"rendered":"http:\/\/www.toque-musicall.com\/?p=6730"},"modified":"2020-01-26T19:08:39","modified_gmt":"2020-01-26T22:08:39","slug":"perfume-azul-do-sol-nascimento-1974","status":"publish","type":"post","link":"https:\/\/www.toque-musicall.com\/?p=6730","title":{"rendered":"Perfume Azul Do Sol &#8211; Nascimento (1974)"},"content":{"rendered":"\n<figure class=\"wp-block-image\"><img decoding=\"async\" src=\"https:\/\/4.bp.blogspot.com\/-tCHeeIIV2rk\/XLpiVqSP5TI\/AAAAAAAAPoA\/VHUKQjEAFhUvPmlNak8t1p4IpnGGnXfRACLcBGAs\/s640\/Anota%25C3%25A7%25C3%25A3o%2B2019-04-19%2B205646.jpg\" alt=\"\"\/><\/figure>\n\n\n\n<figure class=\"wp-block-image\"><img decoding=\"async\" src=\"https:\/\/1.bp.blogspot.com\/-7utSunz3yDY\/XLpiVSIcoqI\/AAAAAAAAPn8\/hvBkYq-u8RM0AD6MwmxODqKFpmiZLHscQCEwYBhgL\/s640\/Anota%25C3%25A7%25C3%25A3o%2B2019-04-19%2B205141.jpg\" alt=\"\"\/><\/figure>\n\n\n<p>Boa tarde, amigos cultos e ocultos! Hoje temos um disco que s\u00f3 viria a ser conhecido gra\u00e7as a internet e em especial aos blogs de compartilhamento musical. Por certo, muita coisa do mundo fonogr\u00e1fico s\u00f3 foi ressuscitado por conta desse resgate e talvez nos dias atuais sejam mais conhecidos do que em sua \u00e9poca. A banda Perfume Azul do Sol \u00e9 um exemplo cl\u00e1ssico do obscurantismo que agora vem a tona. Depois de bem divulgado nos blogs e sites de m\u00fasica nos \u00faltimos dez anos, ele finalmente recebeu uma segunda edi\u00e7\u00e3o, tamb\u00e9m t\u00edmida, que creio eu, n\u00e3o chegou a 500 c\u00f3pias. Segundo contam, &#8220;Nascimento&#8221;, embora bem produzido e lan\u00e7ado por uma grande gravadora, n\u00e3o passou de 120 c\u00f3pias, as quais foram apenas distribu\u00eddas entre amigos. A banda tamb\u00e9m n\u00e3o durou muito, talvez somente o tempo de gravarem esse trabalho. O disco apresenta boas composi\u00e7\u00f5es, passeando num misto de rock e mpb bem comum \u00e0s bandas daquele per\u00edodo. Boas pitadas de guitarra para disfar\u00e7ar um vocal que funcionaria melhor se fosse mpb. A banda ainda conta com a participa\u00e7\u00e3o de Pedro Baldanza, do Som Nosso de Cada Dia e tamb\u00e9m Daniel Salinas, dando assist\u00eancias musical nos metais e flauta. Ta\u00ed, um disco que embora j\u00e1 bem rodado ainda faltava bater o ponto por aqui. Confira o cheiro no GTM. \ud83d\ude09<\/p>\n<div style=\"text-align: center;\">20.000 raios de sol<\/div>\n<div style=\"text-align: center;\">sopro<\/div>\n<div style=\"text-align: center;\">cal\u00e7a velha<\/div>\n<div style=\"text-align: center;\">deusa sombria<\/div>\n<div style=\"text-align: center;\">o abra\u00e7o do bai\u00e3o<\/div>\n<div style=\"text-align: center;\">equil\u00edbrio total<\/div>\n<div style=\"text-align: center;\">nascimento<\/div>\n<div style=\"text-align: center;\">p\u00e9 de ingazeira<\/div>\n<div style=\"text-align: center;\">canto fundo<\/div>\n<div style=\"text-align: center;\">a ceia<\/div>\n<div style=\"text-align: center;\">\u00a0<\/div>\n<div>\u00a0<\/div>\n<p>.<\/p>","protected":false},"excerpt":{"rendered":"<p>Boa tarde, amigos cultos e ocultos! Hoje temos um disco que s\u00f3 viria a ser conhecido gra\u00e7as a internet e em especial aos blogs de compartilhamento musical. Por certo, muita coisa do mundo fonogr\u00e1fico s\u00f3 foi ressuscitado por conta desse &hellip; <a href=\"https:\/\/www.toque-musicall.com\/?p=6730\">Continue lendo <span class=\"meta-nav\">&rarr;<\/span><\/a><\/p>\n","protected":false},"author":1,"featured_media":0,"comment_status":"open","ping_status":"closed","sticky":false,"template":"","format":"standard","meta":{"footnotes":""},"categories":[3086,217],"tags":[3073],"class_list":["post-6730","post","type-post","status-publish","format-standard","hentry","category-perfume-azul-do-sol","category-selo-chantecler","tag-selo-chantecler"],"_links":{"self":[{"href":"https:\/\/www.toque-musicall.com\/index.php?rest_route=\/wp\/v2\/posts\/6730","targetHints":{"allow":["GET"]}}],"collection":[{"href":"https:\/\/www.toque-musicall.com\/index.php?rest_route=\/wp\/v2\/posts"}],"about":[{"href":"https:\/\/www.toque-musicall.com\/index.php?rest_route=\/wp\/v2\/types\/post"}],"author":[{"embeddable":true,"href":"https:\/\/www.toque-musicall.com\/index.php?rest_route=\/wp\/v2\/users\/1"}],"replies":[{"embeddable":true,"href":"https:\/\/www.toque-musicall.com\/index.php?rest_route=%2Fwp%2Fv2%2Fcomments&post=6730"}],"version-history":[{"count":1,"href":"https:\/\/www.toque-musicall.com\/index.php?rest_route=\/wp\/v2\/posts\/6730\/revisions"}],"predecessor-version":[{"id":6731,"href":"https:\/\/www.toque-musicall.com\/index.php?rest_route=\/wp\/v2\/posts\/6730\/revisions\/6731"}],"wp:attachment":[{"href":"https:\/\/www.toque-musicall.com\/index.php?rest_route=%2Fwp%2Fv2%2Fmedia&parent=6730"}],"wp:term":[{"taxonomy":"category","embeddable":true,"href":"https:\/\/www.toque-musicall.com\/index.php?rest_route=%2Fwp%2Fv2%2Fcategories&post=6730"},{"taxonomy":"post_tag","embeddable":true,"href":"https:\/\/www.toque-musicall.com\/index.php?rest_route=%2Fwp%2Fv2%2Ftags&post=6730"}],"curies":[{"name":"wp","href":"https:\/\/api.w.org\/{rel}","templated":true}]}}