{"id":6737,"date":"2019-02-28T20:39:05","date_gmt":"2019-02-28T23:39:05","guid":{"rendered":"http:\/\/www.toque-musicall.com\/?p=6737"},"modified":"2019-05-09T18:48:26","modified_gmt":"2019-05-09T21:48:26","slug":"geraldo-flack-alma-1981","status":"publish","type":"post","link":"https:\/\/www.toque-musicall.com\/?p=6737","title":{"rendered":"Geraldo Flach &#8211; Alma (1981)"},"content":{"rendered":"\n<figure class=\"wp-block-image\"><img decoding=\"async\" src=\"https:\/\/2.bp.blogspot.com\/-50ISSQ3iRi0\/XM9t7yEKO1I\/AAAAAAAAPpU\/MqHvR5Ksf7cgV9WGvdU7kYsW6xj5-QnxACEwYBhgL\/s640\/Anota%25C3%25A7%25C3%25A3o%2B2019-03-11%2B001618.jpg\" alt=\"\"\/><\/figure>\n\n\n\n<figure class=\"wp-block-image\"><img decoding=\"async\" src=\"https:\/\/4.bp.blogspot.com\/--9gyb6pGG1k\/XM9t75avAgI\/AAAAAAAAPpY\/BWFbqwaNncUZlFAq1YPaO0iLw3gno7aPwCEwYBhgL\/s640\/Anota%25C3%25A7%25C3%25A3o%2B2019-03-11%2B001456.jpg\" alt=\"\"\/><\/figure>\n\n\n<p style=\"font-weight: 400;\">Ol\u00e1 amigos cultos e ocultos! Aqui estamos novamente, entre falhas e atrasos, por\u00e9m sempre vivo. Hoje trago para voc\u00eas um disco muito bacana de um dos grandes nomes da m\u00fasica ga\u00facha. Pianista, maestro, arranjador e compositor, Geraldo Flach \u00e9 considerado o maior nome da m\u00fasica instrumental no Sul do pa\u00eds. Dono de um estilo muito pessoal, mistura elementos do folclore e da m\u00fasica urbana com uma concep\u00e7\u00e3o altamente jazz\u00edstica, repleta de brasilidade. Geraldo tem m\u00fasicas gravadas por Elis Regina, Emilio Santiago, Taiguara e Borghettinho, entre outros, somando ao seu curr\u00edculo trilhas para cinema, ballet e especiais para televis\u00e3o. Atuou no Brasil e no exterior com o seu quarteto ou em parceria com outros artistas de renome nacional e internacional. At\u00e9 onde eu sei, gravou uns cinco discos, sendo este, \u201cAlma\u201d, seu primeiro lp, lan\u00e7ado em 1981. Um trabalho realmente envolvente. Confiram no GTM.<\/p>\n<p style=\"font-weight: 400; text-align: center;\">choro da alma<\/p>\n<p style=\"font-weight: 400; text-align: center;\">reencontro<\/p>\n<p style=\"font-weight: 400; text-align: center;\">parceira<\/p>\n<p style=\"font-weight: 400; text-align: center;\">fantasma<\/p>\n<p style=\"font-weight: 400; text-align: center;\">momento<\/p>\n<p style=\"font-weight: 400; text-align: center;\">vilarejo<\/p>\n<p style=\"font-weight: 400; text-align: center;\">\u00faltimo adeus<\/p>\n<p style=\"font-weight: 400; text-align: center;\">piano bai\u00e3o<\/p>\n<p style=\"font-weight: 400; text-align: center;\">solitude<\/p>\n<p style=\"font-weight: 400; text-align: center;\">c e b (duas meninas)<\/p>\n<p style=\"font-weight: 400;\">.<\/p>","protected":false},"excerpt":{"rendered":"<p>Ol\u00e1 amigos cultos e ocultos! Aqui estamos novamente, entre falhas e atrasos, por\u00e9m sempre vivo. Hoje trago para voc\u00eas um disco muito bacana de um dos grandes nomes da m\u00fasica ga\u00facha. Pianista, maestro, arranjador e compositor, Geraldo Flach \u00e9 considerado &hellip; <a href=\"https:\/\/www.toque-musicall.com\/?p=6737\">Continue lendo <span class=\"meta-nav\">&rarr;<\/span><\/a><\/p>\n","protected":false},"author":1,"featured_media":0,"comment_status":"closed","ping_status":"closed","sticky":false,"template":"","format":"standard","meta":{"footnotes":""},"categories":[3095,3092,3096],"tags":[3094],"class_list":["post-6737","post","type-post","status-publish","format-standard","hentry","category-geraldo-flach","category-geraldo-flack-selo-plug","category-selo-plug","tag-selo-plug"],"_links":{"self":[{"href":"https:\/\/www.toque-musicall.com\/index.php?rest_route=\/wp\/v2\/posts\/6737","targetHints":{"allow":["GET"]}}],"collection":[{"href":"https:\/\/www.toque-musicall.com\/index.php?rest_route=\/wp\/v2\/posts"}],"about":[{"href":"https:\/\/www.toque-musicall.com\/index.php?rest_route=\/wp\/v2\/types\/post"}],"author":[{"embeddable":true,"href":"https:\/\/www.toque-musicall.com\/index.php?rest_route=\/wp\/v2\/users\/1"}],"replies":[{"embeddable":true,"href":"https:\/\/www.toque-musicall.com\/index.php?rest_route=%2Fwp%2Fv2%2Fcomments&post=6737"}],"version-history":[{"count":3,"href":"https:\/\/www.toque-musicall.com\/index.php?rest_route=\/wp\/v2\/posts\/6737\/revisions"}],"predecessor-version":[{"id":6740,"href":"https:\/\/www.toque-musicall.com\/index.php?rest_route=\/wp\/v2\/posts\/6737\/revisions\/6740"}],"wp:attachment":[{"href":"https:\/\/www.toque-musicall.com\/index.php?rest_route=%2Fwp%2Fv2%2Fmedia&parent=6737"}],"wp:term":[{"taxonomy":"category","embeddable":true,"href":"https:\/\/www.toque-musicall.com\/index.php?rest_route=%2Fwp%2Fv2%2Fcategories&post=6737"},{"taxonomy":"post_tag","embeddable":true,"href":"https:\/\/www.toque-musicall.com\/index.php?rest_route=%2Fwp%2Fv2%2Ftags&post=6737"}],"curies":[{"name":"wp","href":"https:\/\/api.w.org\/{rel}","templated":true}]}}