{"id":674,"date":"2010-10-15T23:24:00","date_gmt":"2010-10-15T23:24:00","guid":{"rendered":"http:\/\/www.toque-musicall.com\/?p=674"},"modified":"2010-10-15T23:24:00","modified_gmt":"2010-10-15T23:24:00","slug":"aum-belorizonte-1983","status":"publish","type":"post","link":"https:\/\/www.toque-musicall.com\/?p=674","title":{"rendered":"Aum &#8211; Belorizonte (1983)"},"content":{"rendered":"<p><a href=\"http:\/\/2.bp.blogspot.com\/_DSKVEvHtskc\/TLjnrN0HVFI\/AAAAAAAAHLU\/HMTvzSfm63U\/s1600\/aum+P.JPG\"><img decoding=\"async\" style=\"TEXT-ALIGN: center; MARGIN: 0px auto 10px; WIDTH: 400px; DISPLAY: block; HEIGHT: 400px; CURSOR: hand\" id=\"BLOGGER_PHOTO_ID_5528423272225920082\" border=\"0\" alt=\"\" src=\"http:\/\/2.bp.blogspot.com\/_DSKVEvHtskc\/TLjnrN0HVFI\/AAAAAAAAHLU\/HMTvzSfm63U\/s400\/aum+P.JPG\" \/><\/a> \u00cata diazinho puxado! S\u00f3 agora estou tendo um momento para por em dia a nossa postagem. Ainda bem que amanh\u00e3 \u00e9 s\u00e1bado. Vai ter aquela feira do vinil da Discoteca Publica e eu vou para l\u00e1 logo cedo. Hoje, sexta feira, estava at\u00e9 me esquecendo que \u00e9 o dia do disco\/artista independente. Foi meio por acaso, conversando com um amigo, ele pela mil\u00e9sima vez me cobrou a grava\u00e7\u00e3o de um disco que eu havia lhe prometido. Por sinal, o disco tamb\u00e9m \u00e9 dele, que me emprestou para que eu o passasse para cd. Eu o digitalizei, mas nunca lhe enviei o cd, apenas devolvi o disco. Mas desta vez eu lhe jurei que ainda no fim de semana ele teria a vers\u00e3o em cd. Comecei a queimar um cd aqui e logo me dei conta de que este disco \u00e9 uma produ\u00e7\u00e3o independente. Caiu como uma luva. \u00c9 este o disco do dia!<br \/>Aum foi um grupo instrumental formado por cinco m\u00fasicos de Belo Horizonte, na d\u00e9cada de 80. Nadando contra a corrente, eles faziam um som h\u00edbrido, um &#8216;fusion&#8217; de jazz com rock progressivo que desafiava o desinteressado p\u00fablico &#8216;new wave&#8217; daquela d\u00e9cada. Mesmo assim eles conseguiram chegar ao \u00fanico lp. Gravaram de maneira independente na Bemol, em 1983, este \u00e1lbum que hoje se tornou uma j\u00f3ia rara, cotada bem cara nos sebos e mercados livres por a\u00ed.<br \/>Passados mais de vinte anos, a m\u00fasica do Aum continua intacta, causando-me surpresas. P\u00f4, esses caras eram mesmo muito bons!<\/p>\n<div align=\"center\">tema pra mal\u00fa<\/div>\n<div align=\"center\">serra do curral<\/div>\n<div align=\"center\">belo horizonte<\/div>\n<div align=\"center\">nas nuvens<\/div>\n<div align=\"center\">4 e 15<\/div>\n<div align=\"center\">tice<\/div>\n<div align=\"center\"><\/div>\n<div align=\"center\"><\/div>\n","protected":false},"excerpt":{"rendered":"<p>\u00cata diazinho puxado! S\u00f3 agora estou tendo um momento para por em dia a nossa postagem. Ainda bem que amanh\u00e3 \u00e9 s\u00e1bado. Vai ter aquela feira do vinil da Discoteca Publica e eu vou para l\u00e1 logo cedo. Hoje, sexta &hellip; <a href=\"https:\/\/www.toque-musicall.com\/?p=674\">Continue lendo <span class=\"meta-nav\">&rarr;<\/span><\/a><\/p>\n","protected":false},"author":1,"featured_media":0,"comment_status":"open","ping_status":"closed","sticky":false,"template":"","format":"standard","meta":{"footnotes":""},"categories":[978],"tags":[],"class_list":["post-674","post","type-post","status-publish","format-standard","hentry","category-aum"],"_links":{"self":[{"href":"https:\/\/www.toque-musicall.com\/index.php?rest_route=\/wp\/v2\/posts\/674","targetHints":{"allow":["GET"]}}],"collection":[{"href":"https:\/\/www.toque-musicall.com\/index.php?rest_route=\/wp\/v2\/posts"}],"about":[{"href":"https:\/\/www.toque-musicall.com\/index.php?rest_route=\/wp\/v2\/types\/post"}],"author":[{"embeddable":true,"href":"https:\/\/www.toque-musicall.com\/index.php?rest_route=\/wp\/v2\/users\/1"}],"replies":[{"embeddable":true,"href":"https:\/\/www.toque-musicall.com\/index.php?rest_route=%2Fwp%2Fv2%2Fcomments&post=674"}],"version-history":[{"count":0,"href":"https:\/\/www.toque-musicall.com\/index.php?rest_route=\/wp\/v2\/posts\/674\/revisions"}],"wp:attachment":[{"href":"https:\/\/www.toque-musicall.com\/index.php?rest_route=%2Fwp%2Fv2%2Fmedia&parent=674"}],"wp:term":[{"taxonomy":"category","embeddable":true,"href":"https:\/\/www.toque-musicall.com\/index.php?rest_route=%2Fwp%2Fv2%2Fcategories&post=674"},{"taxonomy":"post_tag","embeddable":true,"href":"https:\/\/www.toque-musicall.com\/index.php?rest_route=%2Fwp%2Fv2%2Ftags&post=674"}],"curies":[{"name":"wp","href":"https:\/\/api.w.org\/{rel}","templated":true}]}}