{"id":6742,"date":"2019-04-03T18:21:27","date_gmt":"2019-04-03T21:21:27","guid":{"rendered":"http:\/\/www.toque-musicall.com\/?p=6742"},"modified":"2020-01-26T18:57:31","modified_gmt":"2020-01-26T21:57:31","slug":"cauby-peixoto-so-sucessos-1986","status":"publish","type":"post","link":"https:\/\/www.toque-musicall.com\/?p=6742","title":{"rendered":"Cauby Peixoto &#8211; S\u00f3 Sucessos (1986)"},"content":{"rendered":"\n<figure class=\"wp-block-image\"><img decoding=\"async\" src=\"https:\/\/1.bp.blogspot.com\/-tTF8Cb8BysM\/XO71tR74sVI\/AAAAAAAAPqA\/dxsmH0VOpGw24Bbl4QvfR9ROmisxPM9uwCLcBGAs\/s640\/Anota%25C3%25A7%25C3%25A3o%2B2019-05-29%2B181534.jpg\" alt=\"\"\/><\/figure>\n\n\n\n<figure class=\"wp-block-image\"><img decoding=\"async\" src=\"https:\/\/1.bp.blogspot.com\/-puCIljTFF8Y\/XO71tSYcT5I\/AAAAAAAAPp8\/h-l2X6Ry7gkgiNwhAY4TLsC18-h-5FdtQCLcBGAs\/s640\/Anota%25C3%25A7%25C3%25A3o%2B2019-05-29%2B181601.jpg\" alt=\"\"\/><\/figure>\n\n\n<p>O Toque Musical oferece hoje a seus amigos cultos e ocultos mais um \u00e1lbum de Cauby Peixoto (Niter\u00f3i, RJ, 10\/2\/1931-S\u00e3o Paulo, 15\/5\/2016), um dos maiores e mais vers\u00e1teis cantores de nossa m\u00fasica popular. \u00c9 \u201cS\u00f3 sucessos\u201d, gravado ao vivo no extinto restaurante Inverno &amp; Ver\u00e3o, de S\u00e3o Paulo, em janeiro de 1986. Falar das qualidades de Cauby \u00e9 absolutamente desnecess\u00e1rio, e este disco o apresenta em sua melhor forma, em hits como \u201cFor\u00e7a estranha\u201d, \u201cSangrando\u201d, \u201cNunca\u201d e a inevit\u00e1vel \u201cConcei\u00e7\u00e3o\u201d.\u00a0 Sem sombra de d\u00favida, Cauby ficou para sempre na mem\u00f3ria de todos aqueles que apreciam a arte de cantar no que ela tem de melhor e mais expressivo. \u00c9 ouvir este disco e comprovar.<\/p>\n<div style=\"text-align: center;\">concei\u00e7\u00e3o<\/div>\n<div style=\"text-align: center;\">tudo lembra voc\u00ea &#8211; daqui pra eternidade<\/div>\n<div style=\"text-align: center;\">nada mais<\/div>\n<div style=\"text-align: center;\">el dia que me queiras<\/div>\n<div style=\"text-align: center;\">solid\u00e3o<\/div>\n<div style=\"text-align: center;\">memory<\/div>\n<div style=\"text-align: center;\">sangrando<\/div>\n<div style=\"text-align: center;\">volver a empezar<\/div>\n<div style=\"text-align: center;\">folha morta<\/div>\n<div style=\"text-align: center;\">for\u00e7as estranha<\/div>\n<div style=\"text-align: center;\">flor de lys<\/div>\n<div style=\"text-align: center;\">new york new york &#8211; concei\u00e7\u00e3o<\/div>\n<p>*Texto de Samuel Machado Filho<\/p>","protected":false},"excerpt":{"rendered":"<p>O Toque Musical oferece hoje a seus amigos cultos e ocultos mais um \u00e1lbum de Cauby Peixoto (Niter\u00f3i, RJ, 10\/2\/1931-S\u00e3o Paulo, 15\/5\/2016), um dos maiores e mais vers\u00e1teis cantores de nossa m\u00fasica popular. \u00c9 \u201cS\u00f3 sucessos\u201d, gravado ao vivo no &hellip; <a href=\"https:\/\/www.toque-musicall.com\/?p=6742\">Continue lendo <span class=\"meta-nav\">&rarr;<\/span><\/a><\/p>\n","protected":false},"author":1,"featured_media":0,"comment_status":"open","ping_status":"closed","sticky":false,"template":"","format":"standard","meta":{"footnotes":""},"categories":[177],"tags":[3097],"class_list":["post-6742","post","type-post","status-publish","format-standard","hentry","category-cauby-peixoto","tag-selo-inverno-verao"],"_links":{"self":[{"href":"https:\/\/www.toque-musicall.com\/index.php?rest_route=\/wp\/v2\/posts\/6742","targetHints":{"allow":["GET"]}}],"collection":[{"href":"https:\/\/www.toque-musicall.com\/index.php?rest_route=\/wp\/v2\/posts"}],"about":[{"href":"https:\/\/www.toque-musicall.com\/index.php?rest_route=\/wp\/v2\/types\/post"}],"author":[{"embeddable":true,"href":"https:\/\/www.toque-musicall.com\/index.php?rest_route=\/wp\/v2\/users\/1"}],"replies":[{"embeddable":true,"href":"https:\/\/www.toque-musicall.com\/index.php?rest_route=%2Fwp%2Fv2%2Fcomments&post=6742"}],"version-history":[{"count":2,"href":"https:\/\/www.toque-musicall.com\/index.php?rest_route=\/wp\/v2\/posts\/6742\/revisions"}],"predecessor-version":[{"id":7112,"href":"https:\/\/www.toque-musicall.com\/index.php?rest_route=\/wp\/v2\/posts\/6742\/revisions\/7112"}],"wp:attachment":[{"href":"https:\/\/www.toque-musicall.com\/index.php?rest_route=%2Fwp%2Fv2%2Fmedia&parent=6742"}],"wp:term":[{"taxonomy":"category","embeddable":true,"href":"https:\/\/www.toque-musicall.com\/index.php?rest_route=%2Fwp%2Fv2%2Fcategories&post=6742"},{"taxonomy":"post_tag","embeddable":true,"href":"https:\/\/www.toque-musicall.com\/index.php?rest_route=%2Fwp%2Fv2%2Ftags&post=6742"}],"curies":[{"name":"wp","href":"https:\/\/api.w.org\/{rel}","templated":true}]}}