{"id":6746,"date":"2019-04-08T18:34:15","date_gmt":"2019-04-08T21:34:15","guid":{"rendered":"http:\/\/www.toque-musicall.com\/?p=6746"},"modified":"2019-06-01T18:39:56","modified_gmt":"2019-06-01T21:39:56","slug":"serginho-meriti-bons-momentos-1981","status":"publish","type":"post","link":"https:\/\/www.toque-musicall.com\/?p=6746","title":{"rendered":"Serginho Meriti &#8211; Bons Momentos (1981)"},"content":{"rendered":"\n<figure class=\"wp-block-image\"><img decoding=\"async\" src=\"https:\/\/1.bp.blogspot.com\/-2aCaEMslK68\/XPLqZR_F6aI\/AAAAAAAAPqY\/6lHmgaaiLqUGCA6c__euabTb5P1HbmBKwCLcBGAs\/s640\/Anota%25C3%25A7%25C3%25A3o%2B2019-06-01%2B181753.jpg\" alt=\"\"\/><\/figure>\n\n\n\n<figure class=\"wp-block-image\"><img decoding=\"async\" src=\"https:\/\/1.bp.blogspot.com\/-ARDUwCBUrFA\/XPLqZWQflII\/AAAAAAAAPqU\/nZkjCplpvCcEncKH5BuO9or-dOv9EhT7gCLcBGAs\/s640\/Anota%25C3%25A7%25C3%25A3o%2B2019-06-01%2B181834.jpg\" alt=\"\"\/><\/figure>\n\n\n<p>S\u00e9rgio Roberto Serafim, ou Serginho Meriti, que o Toque Musical p\u00f5e hoje em foco, \u00e9 sin\u00f4nimo de samba. \u00c9 carioca de Madureira, nascido em primeiro de outubro de 1958, mas foi criado em S\u00e3o Jo\u00e3o do Meriti, na Baixada Fluminense, onde tomou gosto pela m\u00fasica. O pai, ga\u00facho, era violonista e bo\u00eamio, e a m\u00e3e era cantora e compositora de hinos religiosos. Como compositor, tem mais de 370 m\u00fasicas, gravadas por nomes do porte de Alcione, Bebeto, Neguinho da Beija-Flor, Arlindo Cruz e Zeca Pagodinho. Este \u00faltimo \u00e9 criador de in\u00fameras composi\u00e7\u00f5es de Meriti, entre elas \u201cDeixa a vida me levar\u201d, que se tornou o hino do pentacampeonato mundial de futebol conquistado pelo Brasil, em 2002. Pois o TM apresenta hoje para seus amigos cultos e ocultos o primeiro LP de Serginho como int\u00e9rprete, \u201cBons momentos\u201d. Lan\u00e7ado pela Polygram em 1981, tem apenas oito faixas, e nessa ocasi\u00e3o ele estava incursionando pelo suingue \u00e0 maneira de Jorge Ben Jor. Ali\u00e1s duas m\u00fasicas que fez em parceria com Bebeto, e tamb\u00e9m gravadas por ele, est\u00e3o neste disco:&nbsp; \u201cMona Lisa\u201d e \u201cBatalha maravilhosa\u201d. Em suma, um trabalho que documenta o in\u00edcio de uma carreira bastante promissora. Ou\u00e7am e confirmem.<\/p>\n<div style=\"text-align: center;\">bons momentos<\/div>\n<div style=\"text-align: center;\">madureira<\/div>\n<div style=\"text-align: center;\">malandro velho<\/div>\n<div style=\"text-align: center;\">mem\u00f3rias de um neguinho poeta<\/div>\n<div style=\"text-align: center;\">neguinho poeta<\/div>\n<div style=\"text-align: center;\">mona lisa<\/div>\n<div style=\"text-align: center;\">serjane<\/div>\n<div style=\"text-align: center;\">tipo help<\/div>\n<div style=\"text-align: center;\">batalha maravilhosa<\/div>\n<p>*Texto de Samuel Machado Filho<\/p>","protected":false},"excerpt":{"rendered":"<p>S\u00e9rgio Roberto Serafim, ou Serginho Meriti, que o Toque Musical p\u00f5e hoje em foco, \u00e9 sin\u00f4nimo de samba. \u00c9 carioca de Madureira, nascido em primeiro de outubro de 1958, mas foi criado em S\u00e3o Jo\u00e3o do Meriti, na Baixada Fluminense, &hellip; <a href=\"https:\/\/www.toque-musicall.com\/?p=6746\">Continue lendo <span class=\"meta-nav\">&rarr;<\/span><\/a><\/p>\n","protected":false},"author":1,"featured_media":0,"comment_status":"closed","ping_status":"closed","sticky":false,"template":"","format":"standard","meta":{"footnotes":""},"categories":[146,3098],"tags":[3057,3099],"class_list":["post-6746","post","type-post","status-publish","format-standard","hentry","category-selo-polydor","category-serginho-mereti","tag-selo-polydor","tag-serginho-mereti"],"_links":{"self":[{"href":"https:\/\/www.toque-musicall.com\/index.php?rest_route=\/wp\/v2\/posts\/6746","targetHints":{"allow":["GET"]}}],"collection":[{"href":"https:\/\/www.toque-musicall.com\/index.php?rest_route=\/wp\/v2\/posts"}],"about":[{"href":"https:\/\/www.toque-musicall.com\/index.php?rest_route=\/wp\/v2\/types\/post"}],"author":[{"embeddable":true,"href":"https:\/\/www.toque-musicall.com\/index.php?rest_route=\/wp\/v2\/users\/1"}],"replies":[{"embeddable":true,"href":"https:\/\/www.toque-musicall.com\/index.php?rest_route=%2Fwp%2Fv2%2Fcomments&post=6746"}],"version-history":[{"count":2,"href":"https:\/\/www.toque-musicall.com\/index.php?rest_route=\/wp\/v2\/posts\/6746\/revisions"}],"predecessor-version":[{"id":6748,"href":"https:\/\/www.toque-musicall.com\/index.php?rest_route=\/wp\/v2\/posts\/6746\/revisions\/6748"}],"wp:attachment":[{"href":"https:\/\/www.toque-musicall.com\/index.php?rest_route=%2Fwp%2Fv2%2Fmedia&parent=6746"}],"wp:term":[{"taxonomy":"category","embeddable":true,"href":"https:\/\/www.toque-musicall.com\/index.php?rest_route=%2Fwp%2Fv2%2Fcategories&post=6746"},{"taxonomy":"post_tag","embeddable":true,"href":"https:\/\/www.toque-musicall.com\/index.php?rest_route=%2Fwp%2Fv2%2Ftags&post=6746"}],"curies":[{"name":"wp","href":"https:\/\/api.w.org\/{rel}","templated":true}]}}