{"id":6749,"date":"2019-04-13T18:40:25","date_gmt":"2019-04-13T21:40:25","guid":{"rendered":"http:\/\/www.toque-musicall.com\/?p=6749"},"modified":"2019-06-01T18:44:03","modified_gmt":"2019-06-01T21:44:03","slug":"eumir-deodato-os-catedraticos-1966","status":"publish","type":"post","link":"https:\/\/www.toque-musicall.com\/?p=6749","title":{"rendered":"Eumir Deodato &#8211; Os Catedr\u00e1ticos (1966)"},"content":{"rendered":"\n<figure class=\"wp-block-image\"><img decoding=\"async\" src=\"https:\/\/1.bp.blogspot.com\/-pLeuuRYfSoo\/XPLt2igp46I\/AAAAAAAAPqo\/u03TwCo44q8sYLI1YWKkrOXejA3UX0ZhwCLcBGAs\/s640\/Anota%25C3%25A7%25C3%25A3o%2B2019-06-01%2B183238.jpg\" alt=\"\"\/><\/figure>\n\n\n\n<figure class=\"wp-block-image\"><img decoding=\"async\" src=\"https:\/\/1.bp.blogspot.com\/-y1vJ-dRWoPY\/XPLt2t9gMGI\/AAAAAAAAPqs\/GCGK5V8ZYA4qboCsI2PuUt242jaUAODlgCLcBGAs\/s640\/Anota%25C3%25A7%25C3%25A3o%2B2019-06-01%2B183303.jpg\" alt=\"\"\/><\/figure>\n\n\n<p>Pianista, compositor, arranjador e produtor musical, Eumir Deodato de Almeida nasceu no Rio de Janeiro em 22 de junho de 1943. Participou da bossa nova e da efervesc\u00eancia do samba jazz no in\u00edcio da d\u00e9cada de 1960, estabelecendo-se como requisitado arranjador. Em 1964, reuniu v\u00e1rios nomes famosos do samba jazz, como Geraldo Vespar, Wilson das Neves, Dom Um Rom\u00e3o e Ivan Conti (o baterista Mam\u00e3o) para formar o grupo Os Catedr\u00e1ticos, com quem lan\u00e7a quatro LPs, inclusive este que o Toque Musical traz para seus amigos cultos e ocultos, editado pela Equipe em 1966. Em 1967, radicou-se nos EUA, onde trabalharia com diversos nomes de relevo da m\u00fasica mundial, como Aretha Franklin, Wes Montgomery e Frank Sinatra. Na d\u00e9cada seguinte, conseguiu gravar e lan\u00e7ar seus discos internacionalmente, obtendo sucesso tamb\u00e9m como int\u00e9rprete, com uma vers\u00e3o da introdu\u00e7\u00e3o do poema sinf\u00f4nico \u201cAlso sprach Zarathustra\u201d, de Richard Strauss. Trabalhou em quase 500 discos, escreveu trilhas sonoras para v\u00e1rios filmes e recebeu diversos pr\u00eamios, entre eles 16 discos de platina e um Grammy, sendo considerado uma personalidade internacional no mercado norte-americano de m\u00fasica. Neste quarto \u00e1lbum dos Catedr\u00e1ticos, temos m\u00fasicas bastante conhecidas em ritmo de samba jazz, tais como \u201cAi que saudade da Am\u00e9lia\u201d, \u201cSamba de ver\u00e3o\u201d e \u201cTristeza\u201d, grande sucesso de carnaval em 1966. \u00c9 mais uma raridade que o TM apresenta com a satisfa\u00e7\u00e3o de sempre.<\/p>\n<div style=\"text-align: center;\">ai que saudade da am\u00e9lia<\/div>\n<div style=\"text-align: center;\">fora de tempo<\/div>\n<div style=\"text-align: center;\">samba de ver\u00e3o<\/div>\n<div style=\"text-align: center;\">come\u00e7ou a brincadeira<\/div>\n<div style=\"text-align: center;\">os grilos<\/div>\n<div style=\"text-align: center;\">at\u00e9 de cavalinho<\/div>\n<div style=\"text-align: center;\">ainda mais lindo<\/div>\n<div style=\"text-align: center;\">gente<\/div>\n<div style=\"text-align: center;\">mesmo amor<\/div>\n<div style=\"text-align: center;\">feitinha pro poeta<\/div>\n<div style=\"text-align: center;\">tristeza<\/div>\n<div>\u00a0<\/div>\n<p>*Texto de Samuel Machado Filho\u00a0<\/p>","protected":false},"excerpt":{"rendered":"<p>Pianista, compositor, arranjador e produtor musical, Eumir Deodato de Almeida nasceu no Rio de Janeiro em 22 de junho de 1943. Participou da bossa nova e da efervesc\u00eancia do samba jazz no in\u00edcio da d\u00e9cada de 1960, estabelecendo-se como requisitado &hellip; <a href=\"https:\/\/www.toque-musicall.com\/?p=6749\">Continue lendo <span class=\"meta-nav\">&rarr;<\/span><\/a><\/p>\n","protected":false},"author":1,"featured_media":0,"comment_status":"closed","ping_status":"closed","sticky":false,"template":"","format":"standard","meta":{"footnotes":""},"categories":[1071,275],"tags":[3100,3101],"class_list":["post-6749","post","type-post","status-publish","format-standard","hentry","category-eumir-deodato","category-selo-equipe","tag-eumir-deodato","tag-selo-equipe"],"_links":{"self":[{"href":"https:\/\/www.toque-musicall.com\/index.php?rest_route=\/wp\/v2\/posts\/6749","targetHints":{"allow":["GET"]}}],"collection":[{"href":"https:\/\/www.toque-musicall.com\/index.php?rest_route=\/wp\/v2\/posts"}],"about":[{"href":"https:\/\/www.toque-musicall.com\/index.php?rest_route=\/wp\/v2\/types\/post"}],"author":[{"embeddable":true,"href":"https:\/\/www.toque-musicall.com\/index.php?rest_route=\/wp\/v2\/users\/1"}],"replies":[{"embeddable":true,"href":"https:\/\/www.toque-musicall.com\/index.php?rest_route=%2Fwp%2Fv2%2Fcomments&post=6749"}],"version-history":[{"count":1,"href":"https:\/\/www.toque-musicall.com\/index.php?rest_route=\/wp\/v2\/posts\/6749\/revisions"}],"predecessor-version":[{"id":6750,"href":"https:\/\/www.toque-musicall.com\/index.php?rest_route=\/wp\/v2\/posts\/6749\/revisions\/6750"}],"wp:attachment":[{"href":"https:\/\/www.toque-musicall.com\/index.php?rest_route=%2Fwp%2Fv2%2Fmedia&parent=6749"}],"wp:term":[{"taxonomy":"category","embeddable":true,"href":"https:\/\/www.toque-musicall.com\/index.php?rest_route=%2Fwp%2Fv2%2Fcategories&post=6749"},{"taxonomy":"post_tag","embeddable":true,"href":"https:\/\/www.toque-musicall.com\/index.php?rest_route=%2Fwp%2Fv2%2Ftags&post=6749"}],"curies":[{"name":"wp","href":"https:\/\/api.w.org\/{rel}","templated":true}]}}