{"id":6752,"date":"2019-04-18T19:41:33","date_gmt":"2019-04-18T22:41:33","guid":{"rendered":"http:\/\/www.toque-musicall.com\/?p=6752"},"modified":"2019-06-04T19:46:18","modified_gmt":"2019-06-04T22:46:18","slug":"coral-da-casa-dos-poveiros-viras-bailaricos-1962","status":"publish","type":"post","link":"https:\/\/www.toque-musicall.com\/?p=6752","title":{"rendered":"Coral da Casa dos Poveiros &#8211; Viras &#038; Bailaricos (1962)"},"content":{"rendered":"\n<figure class=\"wp-block-image\"><img decoding=\"async\" src=\"https:\/\/1.bp.blogspot.com\/-wo7PGaGN2dw\/XPbsYmeqk0I\/AAAAAAAAPrI\/FeeFR2BwaiMLWV7AG8uUcR6EN2jwb086ACEwYBhgL\/s640\/Anota%25C3%25A7%25C3%25A3o%2B2019-06-04%2B191325.jpg\" alt=\"\"\/><\/figure>\n\n\n\n<figure class=\"wp-block-image\"><img decoding=\"async\" src=\"https:\/\/1.bp.blogspot.com\/-PkqaM0r3qFU\/XPbtiZJlIrI\/AAAAAAAAPrQ\/6bNPQV2epJoUWNot_TQOxWRsyvbUbewgwCLcBGAs\/s640\/Anota%25C3%25A7%25C3%25A3o%2B2019-06-04%2B192028.jpg\" alt=\"\"\/><\/figure>\n\n\n<p>Um pouco da mais aut\u00eantica m\u00fasica folcl\u00f3rica portuguesa. \u00c9 o que o Toque Musical oferece hoje a seus amigos cultos e ocultos nesta postagem. Trata-se do \u00e1lbum \u201cViras &amp; bailaricos\u201d, na interpreta\u00e7\u00e3o do coral da Casa dos Poveiros, do Rio de Janeiro. O disco saiu originalmente em 1962, pela Philips, e foi reeditado em 1978. O vira \u00e9 uma das dan\u00e7as mais antigas de Portugal, e seu nome deriva do verbo virar, uma refer\u00eancia a um de seus movimentos mais caracter\u00edsticos. As origens do vira, que alguns situam no tern\u00e1rio da valsa oitocentista e outros buscam mais atr\u00e1s, no fandango, parecem ser de remota idade, como defendeu o music\u00f3logo e compositor, Sampayo Ribeiro, que as coloca antes do s\u00e9culo XVI. Tomaz Ribas considera o vira uma das mais antigas dan\u00e7as populares portuguesas, salientando que o teatr\u00f3logo Gil Vicente j\u00e1 fazia refer\u00eancia a ele na pe\u00e7a \u201cNau d\u2019amores\u201d , onde o dava como uma dan\u00e7a do Minho. S\u00e3o v\u00e1rios os tipos de viras conhecidos, entre eles o \u201cvira antigo\u201d, o \u201cvira das sortes\u201d, o \u201cvira poveiro\u201d, o \u201cvira batido\u201d e o \u201cvira valseado\u201d. Neste disco, est\u00e3o reunidos os n\u00fameros mais populares do Rancho Folcl\u00f3rico da Casa dos Poveiros, tais como \u201cO mar enrola na areia\u201d, \u201cP\u00f3voa de Varzim\u201d, \u201cD\u00e1 c\u00e1 um beijo\u201d e \u201cCorridinho\u201d. \u00c9 uma bela amostra do folclore musical portugu\u00eas, que o TM p\u00f5e agora ao nosso alcance.<\/p>\n<div style=\"text-align: center;\">o mar enrola a areia<\/div>\n<div style=\"text-align: center;\">vira ao desafio<\/div>\n<div style=\"text-align: center;\">p\u00f4voa de varzim<\/div>\n<div style=\"text-align: center;\">d\u00e1 c\u00e1 um beijo<\/div>\n<div style=\"text-align: center;\">corridinho<\/div>\n<div style=\"text-align: center;\">vira da p\u00f4voa do mar<\/div>\n<div style=\"text-align: center;\">pula puladinho<\/div>\n<div style=\"text-align: center;\">o mar e a areia<\/div>\n<div style=\"text-align: center;\">vira de proa<\/div>\n<div style=\"text-align: center;\">viva a p\u00e2ndega<\/div>\n<div style=\"text-align: center;\">bailai mo\u00e7as<\/div>\n<div style=\"text-align: center;\">sinos da nossa igreja<\/div>\n<p><br \/>*Texto de Samuel Machado Filho\u00a0<\/p>","protected":false},"excerpt":{"rendered":"<p>Um pouco da mais aut\u00eantica m\u00fasica folcl\u00f3rica portuguesa. \u00c9 o que o Toque Musical oferece hoje a seus amigos cultos e ocultos nesta postagem. Trata-se do \u00e1lbum \u201cViras &amp; bailaricos\u201d, na interpreta\u00e7\u00e3o do coral da Casa dos Poveiros, do Rio &hellip; <a href=\"https:\/\/www.toque-musicall.com\/?p=6752\">Continue lendo <span class=\"meta-nav\">&rarr;<\/span><\/a><\/p>\n","protected":false},"author":1,"featured_media":0,"comment_status":"closed","ping_status":"closed","sticky":false,"template":"","format":"standard","meta":{"footnotes":""},"categories":[3103,48,1],"tags":[3102,3012],"class_list":["post-6752","post","type-post","status-publish","format-standard","hentry","category-coral-da-casa-dos-poveiros","category-selo-philips","category-sem-categoria","tag-coral-da-casa-dos-poveiros","tag-selo-philips"],"_links":{"self":[{"href":"https:\/\/www.toque-musicall.com\/index.php?rest_route=\/wp\/v2\/posts\/6752","targetHints":{"allow":["GET"]}}],"collection":[{"href":"https:\/\/www.toque-musicall.com\/index.php?rest_route=\/wp\/v2\/posts"}],"about":[{"href":"https:\/\/www.toque-musicall.com\/index.php?rest_route=\/wp\/v2\/types\/post"}],"author":[{"embeddable":true,"href":"https:\/\/www.toque-musicall.com\/index.php?rest_route=\/wp\/v2\/users\/1"}],"replies":[{"embeddable":true,"href":"https:\/\/www.toque-musicall.com\/index.php?rest_route=%2Fwp%2Fv2%2Fcomments&post=6752"}],"version-history":[{"count":1,"href":"https:\/\/www.toque-musicall.com\/index.php?rest_route=\/wp\/v2\/posts\/6752\/revisions"}],"predecessor-version":[{"id":6753,"href":"https:\/\/www.toque-musicall.com\/index.php?rest_route=\/wp\/v2\/posts\/6752\/revisions\/6753"}],"wp:attachment":[{"href":"https:\/\/www.toque-musicall.com\/index.php?rest_route=%2Fwp%2Fv2%2Fmedia&parent=6752"}],"wp:term":[{"taxonomy":"category","embeddable":true,"href":"https:\/\/www.toque-musicall.com\/index.php?rest_route=%2Fwp%2Fv2%2Fcategories&post=6752"},{"taxonomy":"post_tag","embeddable":true,"href":"https:\/\/www.toque-musicall.com\/index.php?rest_route=%2Fwp%2Fv2%2Ftags&post=6752"}],"curies":[{"name":"wp","href":"https:\/\/api.w.org\/{rel}","templated":true}]}}