{"id":6754,"date":"2019-04-20T20:02:37","date_gmt":"2019-04-20T23:02:37","guid":{"rendered":"http:\/\/www.toque-musicall.com\/?p=6754"},"modified":"2019-06-04T21:13:20","modified_gmt":"2019-06-05T00:13:20","slug":"jesse-todos-os-palcos-1985","status":"publish","type":"post","link":"https:\/\/www.toque-musicall.com\/?p=6754","title":{"rendered":"Jess\u00e9 &#8211; Todos Os Palcos (1985)"},"content":{"rendered":"\n<figure class=\"wp-block-image\"><img decoding=\"async\" src=\"https:\/\/1.bp.blogspot.com\/-io3jnd_KR_Q\/XPb286K9OyI\/AAAAAAAAPrc\/ixV_EH4bn000AT94usW-H4JzPnlcH7j-gCLcBGAs\/s640\/Anota%25C3%25A7%25C3%25A3o%2B2019-06-04%2B200010.jpg\" alt=\"\"\/><\/figure>\n\n\n\n<figure class=\"wp-block-image\"><img decoding=\"async\" src=\"https:\/\/1.bp.blogspot.com\/-KHEWtHfRcXs\/XPb29DmMcWI\/AAAAAAAAPrg\/OhPnOD7YFeIK-NmdnWvXjNWNZe0qLorLQCLcBGAs\/s640\/Anota%25C3%25A7%25C3%25A3o%2B2019-06-04%2B200116.jpg\" alt=\"\"\/><\/figure>\n\n\n<p>Este \u00e9 o terceiro \u00e1lbum do cantor Jess\u00e9 (Niter\u00f3i, RJ, 25\/4\/1952-Ourinhos, SP, 29\/3\/1993) que o Toque Musical oferece a seus amigos cultos e ocultos. Desta vez, o disco \u00e9 \u201cTodos os palcos\u201d, cronologicamente o sexto \u00e1lbum de carreira do saudoso int\u00e9rprete, lan\u00e7ado pela RGE de sempre em 1985. Aqui, Jess\u00e9 mant\u00e9m a qualidade e a compet\u00eancia que sempre caracterizaram seus trabalhos em disco, apresentando composi\u00e7\u00f5es dele mesmo (\u201cColo de serpentes\u201d e \u201cBlues solid\u00e3o\u201d, ambas em parceria com Elifas Andreato), Renato Teixeira (\u201cLua, lua, lua\u201d), Piska (\u201cGaivota dourada\u201d e \u201cTempo de paz\u201d), Accioly Neto (\u201cSegredos\u201d, \u201cOVNI\u201d e a ecol\u00f3gica \u201cAmar&#8230; z\u00f4nia\u201d) e da dupla C\u00e9sar Rossini-Gil Gerson (\u201cRavinas\u201d). Temos ainda a faixa-t\u00edtulo, \u201cTodos os palcos\u201d, de autoria de Miltinho e Magro, do MPB-4, com participa\u00e7\u00e3o especial do grupo. Agora, \u00e9 ouvir mais este trabalho de Jess\u00e9, e, mais uma vez, lamentar seu tr\u00e1gico e prematuro falecimento em desastre automobil\u00edstico.<\/p>\n<div style=\"text-align: center;\">gaivota dourada<\/div>\n<div style=\"text-align: center;\">blues solid\u00e3o<\/div>\n<div style=\"text-align: center;\">tempo de paz<\/div>\n<div style=\"text-align: center;\">segredos<\/div>\n<div style=\"text-align: center;\">amar&#8230; zonia<\/div>\n<div style=\"text-align: center;\">todos os palcos<\/div>\n<div style=\"text-align: center;\">lua lua lua<\/div>\n<div style=\"text-align: center;\">ovini<\/div>\n<div style=\"text-align: center;\">ravinas<\/div>\n<div style=\"text-align: center;\">colo de serpentes<\/div>\n<p><br \/>*Texto de Samuel Machado Filho\u00a0<\/p>\n\n","protected":false},"excerpt":{"rendered":"<p>Este \u00e9 o terceiro \u00e1lbum do cantor Jess\u00e9 (Niter\u00f3i, RJ, 25\/4\/1952-Ourinhos, SP, 29\/3\/1993) que o Toque Musical oferece a seus amigos cultos e ocultos. Desta vez, o disco \u00e9 \u201cTodos os palcos\u201d, cronologicamente o sexto \u00e1lbum de carreira do saudoso &hellip; <a href=\"https:\/\/www.toque-musicall.com\/?p=6754\">Continue lendo <span class=\"meta-nav\">&rarr;<\/span><\/a><\/p>\n","protected":false},"author":1,"featured_media":0,"comment_status":"closed","ping_status":"closed","sticky":false,"template":"","format":"standard","meta":{"footnotes":""},"categories":[2620,153],"tags":[3090,3091],"class_list":["post-6754","post","type-post","status-publish","format-standard","hentry","category-jesse","category-selo-rge","tag-jesse","tag-selo-rge"],"_links":{"self":[{"href":"https:\/\/www.toque-musicall.com\/index.php?rest_route=\/wp\/v2\/posts\/6754","targetHints":{"allow":["GET"]}}],"collection":[{"href":"https:\/\/www.toque-musicall.com\/index.php?rest_route=\/wp\/v2\/posts"}],"about":[{"href":"https:\/\/www.toque-musicall.com\/index.php?rest_route=\/wp\/v2\/types\/post"}],"author":[{"embeddable":true,"href":"https:\/\/www.toque-musicall.com\/index.php?rest_route=\/wp\/v2\/users\/1"}],"replies":[{"embeddable":true,"href":"https:\/\/www.toque-musicall.com\/index.php?rest_route=%2Fwp%2Fv2%2Fcomments&post=6754"}],"version-history":[{"count":1,"href":"https:\/\/www.toque-musicall.com\/index.php?rest_route=\/wp\/v2\/posts\/6754\/revisions"}],"predecessor-version":[{"id":6755,"href":"https:\/\/www.toque-musicall.com\/index.php?rest_route=\/wp\/v2\/posts\/6754\/revisions\/6755"}],"wp:attachment":[{"href":"https:\/\/www.toque-musicall.com\/index.php?rest_route=%2Fwp%2Fv2%2Fmedia&parent=6754"}],"wp:term":[{"taxonomy":"category","embeddable":true,"href":"https:\/\/www.toque-musicall.com\/index.php?rest_route=%2Fwp%2Fv2%2Fcategories&post=6754"},{"taxonomy":"post_tag","embeddable":true,"href":"https:\/\/www.toque-musicall.com\/index.php?rest_route=%2Fwp%2Fv2%2Ftags&post=6754"}],"curies":[{"name":"wp","href":"https:\/\/api.w.org\/{rel}","templated":true}]}}