{"id":6756,"date":"2019-04-24T18:58:15","date_gmt":"2019-04-24T21:58:15","guid":{"rendered":"http:\/\/www.toque-musicall.com\/?p=6756"},"modified":"2019-06-09T10:11:46","modified_gmt":"2019-06-09T13:11:46","slug":"otacilio-batista-do-pajeu-1982","status":"publish","type":"post","link":"https:\/\/www.toque-musicall.com\/?p=6756","title":{"rendered":"Otac\u00edlio Batista Do Paje\u00fa (1982)"},"content":{"rendered":"\n<figure class=\"wp-block-image\"><img decoding=\"async\" src=\"https:\/\/1.bp.blogspot.com\/-eABb0FyCG2M\/XPwfpAH5uJI\/AAAAAAAAPrw\/eCQLDg9oVMMXOZ5WrGae4pDndtIwzeLfgCLcBGAs\/s640\/capap.jpg\" alt=\"\"\/><\/figure>\n\n\n\n<figure class=\"wp-block-image\"><img decoding=\"async\" src=\"https:\/\/1.bp.blogspot.com\/-tiABKO1AUfk\/XPwfo3Pa76I\/AAAAAAAAPrs\/X1yRXcEQHgE2qwfxhIi0DSx6_R-2aLSmgCLcBGAs\/s640\/contra.jpg\" alt=\"\"\/><\/figure>\n\n\n<p style=\"font-weight: 400;\">O Toque Musical oferece hoje a seus amigos cultos e ocultos um disco-solo de Otac\u00edlio Batista Patriota, cantador, violeiro e poeta repentista, lan\u00e7ado pela CBS em 1982. Otac\u00edlio nasceu na Vila Umburanas, em S\u00e3o Jos\u00e9 do Egito, sert\u00e3o pernambucano do alto Paje\u00fa, a 26 de setembro de 1923. Filho de Raimundo Joaquim Patriota e Severina Guedes Patriota, ambos paraibanos, Otac\u00edlio participou pela primeira vez de uma cantoria em 1940, durante uma festa de reis em sua cidade natal. Daquele dia em diante, nunca mais abandonaria a vida de poeta popular. Em mais de meio s\u00e9culo de repentes, participou de cantorias com celebridades como o cego Aderaldo e outros. Conquistou v\u00e1rios festivais de cantadores realizados nos estados de Pernambuco, Cear\u00e1, Rio de Janeiro e S\u00e3o Paulo. Uma de suas m\u00fasicas de sucesso \u00e9 \u201cMulher nova, bonita e carinhosa faz o homem gemer sem sentir dor\u201d, composta em parceria com Z\u00e9 Ramalho (n\u00e3o por acaso, o produtor deste disco), gravada pela cantora Amelinha para o \u00e1lbum de mesmo nome e depois regravada pelo pr\u00f3prio Z\u00e9 Ramalho. Conhecido nacionalmente por seus versos impressionantes \u2013 sempre feitos de improviso \u2013 e pelas in\u00fameras letras que comp\u00f4s para v\u00e1rios int\u00e9rpretes na MPB, Otac\u00edlio Batista tamb\u00e9m era conhecido como \u201cA Voz do Uirapuru\u201d e fez dupla com nomes lend\u00e1rios, como Pinto do Monteiro, Lourival Batista, Oliveira de Panelas e Pedro Bandeira. Publicou in\u00fameros folhetos de cordel e v\u00e1rios livros, entre os quais destacam-se \u201cPoemas que o povo pede\u201d, \u201cRir at\u00e9 cair de costas\u201d e \u201cPoema e can\u00e7\u00f5es\u201d. Otac\u00edlio morreu a 5 de agosto de 2003, em Jo\u00e3o Pessoa, Para\u00edba, aos 79 anos de idade, e este disco \u00e9 um verdadeiro documento da arte do repente. \u00c9 ouvir e conferir.<\/p>\n<p style=\"font-weight: 400; text-align: center;\">a origem do homem<\/p>\n<p style=\"font-weight: 400; text-align: center;\">apelo ao papa<\/p>\n<p style=\"font-weight: 400; text-align: center;\">martelo alagoano<\/p>\n<p style=\"font-weight: 400; text-align: center;\">eu vi bras\u00edlia de perto<\/p>\n<p style=\"font-weight: 400; text-align: center;\">os cabras de lampi\u00e3o<\/p>\n<p style=\"font-weight: 400; text-align: center;\">cigarra do meu sert\u00e3o<\/p>\n<p style=\"font-weight: 400; text-align: center;\">o poeta<\/p>\n<p style=\"font-weight: 400; text-align: center;\">beira mar dos peixes<\/p>\n<p style=\"font-weight: 400; text-align: center;\">doze horas doze dias doze meses doze anos<\/p>\n<p style=\"font-weight: 400; text-align: center;\">martelo agalopado<\/p>\n<p style=\"font-weight: 400; text-align: center;\">amor de preta<\/p>\n<p style=\"font-weight: 400; text-align: center;\">neste brasil de m\u00e3e preta e pai jo\u00e3o<\/p>\n<p><br style=\"font-weight: 400;\"><span style=\"font-weight: 400;\">*Texto de Samuel Machado Filho<\/span><\/p>","protected":false},"excerpt":{"rendered":"<p>O Toque Musical oferece hoje a seus amigos cultos e ocultos um disco-solo de Otac\u00edlio Batista Patriota, cantador, violeiro e poeta repentista, lan\u00e7ado pela CBS em 1982. Otac\u00edlio nasceu na Vila Umburanas, em S\u00e3o Jos\u00e9 do Egito, sert\u00e3o pernambucano do &hellip; <a href=\"https:\/\/www.toque-musicall.com\/?p=6756\">Continue lendo <span class=\"meta-nav\">&rarr;<\/span><\/a><\/p>\n","protected":false},"author":1,"featured_media":0,"comment_status":"closed","ping_status":"closed","sticky":false,"template":"","format":"standard","meta":{"footnotes":""},"categories":[3105,779],"tags":[3104],"class_list":["post-6756","post","type-post","status-publish","format-standard","hentry","category-otacilio-batista-do-pajeu","category-selo-harmony","tag-otacilio-batista-do-pajeu"],"_links":{"self":[{"href":"https:\/\/www.toque-musicall.com\/index.php?rest_route=\/wp\/v2\/posts\/6756","targetHints":{"allow":["GET"]}}],"collection":[{"href":"https:\/\/www.toque-musicall.com\/index.php?rest_route=\/wp\/v2\/posts"}],"about":[{"href":"https:\/\/www.toque-musicall.com\/index.php?rest_route=\/wp\/v2\/types\/post"}],"author":[{"embeddable":true,"href":"https:\/\/www.toque-musicall.com\/index.php?rest_route=\/wp\/v2\/users\/1"}],"replies":[{"embeddable":true,"href":"https:\/\/www.toque-musicall.com\/index.php?rest_route=%2Fwp%2Fv2%2Fcomments&post=6756"}],"version-history":[{"count":2,"href":"https:\/\/www.toque-musicall.com\/index.php?rest_route=\/wp\/v2\/posts\/6756\/revisions"}],"predecessor-version":[{"id":6760,"href":"https:\/\/www.toque-musicall.com\/index.php?rest_route=\/wp\/v2\/posts\/6756\/revisions\/6760"}],"wp:attachment":[{"href":"https:\/\/www.toque-musicall.com\/index.php?rest_route=%2Fwp%2Fv2%2Fmedia&parent=6756"}],"wp:term":[{"taxonomy":"category","embeddable":true,"href":"https:\/\/www.toque-musicall.com\/index.php?rest_route=%2Fwp%2Fv2%2Fcategories&post=6756"},{"taxonomy":"post_tag","embeddable":true,"href":"https:\/\/www.toque-musicall.com\/index.php?rest_route=%2Fwp%2Fv2%2Ftags&post=6756"}],"curies":[{"name":"wp","href":"https:\/\/api.w.org\/{rel}","templated":true}]}}