{"id":6758,"date":"2019-04-28T19:03:00","date_gmt":"2019-04-28T22:03:00","guid":{"rendered":"http:\/\/www.toque-musicall.com\/?p=6758"},"modified":"2019-06-08T19:06:25","modified_gmt":"2019-06-08T22:06:25","slug":"jorge-alfredo-quem-fica-e-quem-traz-o-sol-1979","status":"publish","type":"post","link":"https:\/\/www.toque-musicall.com\/?p=6758","title":{"rendered":"Jorge Alfredo &#8211; Quem Fica \u00c9 Quem Traz O Sol (1979)"},"content":{"rendered":"\n<figure class=\"wp-block-image\"><img decoding=\"async\" src=\"https:\/\/1.bp.blogspot.com\/-9msnwM2leME\/XPwp28uHQKI\/AAAAAAAAPsA\/vUWeChnUWkYG-xAUigm26X-LqQByG-IuQCLcBGAs\/s640\/Anota%25C3%25A7%25C3%25A3o%2B2019-06-08%2B183927.jpg\" alt=\"\"\/><\/figure>\n\n\n\n<figure class=\"wp-block-image\"><img decoding=\"async\" src=\"https:\/\/1.bp.blogspot.com\/-kQFg4VjqDYM\/XPwp2_RELHI\/AAAAAAAAPsE\/7zKu3k2TBGYIDV5wiXRshvogloVu--yqgCLcBGAs\/s640\/Anota%25C3%25A7%25C3%25A3o%2B2019-06-08%2B184005.jpg\" alt=\"\"\/><\/figure>\n\n\n<p>Ol\u00e1, amigos cultos e ocultos! O Toque Musical traz para voc\u00eas hoje o primeiro (e ao que parece \u00fanico) \u00e1lbum-solo do baiano Jorge Alfredo, lan\u00e7ado pela Copacabana em 1979. Conforme o pouco que se sabe a seu respeito, ele foi um dos primeiros artistas brasileiros a misturar elementos do reggae jamaicano com os ritmos baianos. \u00c9 o que transparece nas onze faixas deste disco, feito um ano antes de ele fazer parceria com Chico Evangelista, com muito de pegada rock e batidas sertanejas, trazendo tamb\u00e9m letras de poesia e sensibilidade extremas. Segundo coment\u00e1rio que li no YouTube, \u201c\u00e9 um disco t\u00e3o raro que parece que nem foi lan\u00e7ado\u201d. Portanto, \u00e9 mais uma raridade que o TM tem a grata satisfa\u00e7\u00e3o de oferecer. Confiram&#8230;<\/p>\n<div style=\"text-align: center;\">rodap\u00e9<\/div>\n<div style=\"text-align: center;\">menina maluca<\/div>\n<div style=\"text-align: center;\">jeito de viver<\/div>\n<div style=\"text-align: center;\">nani nere cohrau<\/div>\n<div style=\"text-align: center;\">doideira<\/div>\n<div style=\"text-align: center;\">forr\u00f3 no escuro<\/div>\n<div style=\"text-align: center;\">de olho na esquina<\/div>\n<div style=\"text-align: center;\">assim preto &#8211; brasa branca<\/div>\n<div style=\"text-align: center;\">antiga mesma tristeza<\/div>\n<div style=\"text-align: center;\">parecendo piqui<\/div>\n<div style=\"text-align: center;\">daqui da lua<\/div>\n<p><br \/><br \/>*Texto Samuel Machado Filho\u00a0<\/p>","protected":false},"excerpt":{"rendered":"<p>Ol\u00e1, amigos cultos e ocultos! O Toque Musical traz para voc\u00eas hoje o primeiro (e ao que parece \u00fanico) \u00e1lbum-solo do baiano Jorge Alfredo, lan\u00e7ado pela Copacabana em 1979. Conforme o pouco que se sabe a seu respeito, ele foi &hellip; <a href=\"https:\/\/www.toque-musicall.com\/?p=6758\">Continue lendo <span class=\"meta-nav\">&rarr;<\/span><\/a><\/p>\n","protected":false},"author":1,"featured_media":0,"comment_status":"closed","ping_status":"closed","sticky":false,"template":"","format":"standard","meta":{"footnotes":""},"categories":[3106,152],"tags":[3107,3108],"class_list":["post-6758","post","type-post","status-publish","format-standard","hentry","category-jorge-alfredo","category-selo-copacabana","tag-jorge-alfredo","tag-selo-copacabana"],"_links":{"self":[{"href":"https:\/\/www.toque-musicall.com\/index.php?rest_route=\/wp\/v2\/posts\/6758","targetHints":{"allow":["GET"]}}],"collection":[{"href":"https:\/\/www.toque-musicall.com\/index.php?rest_route=\/wp\/v2\/posts"}],"about":[{"href":"https:\/\/www.toque-musicall.com\/index.php?rest_route=\/wp\/v2\/types\/post"}],"author":[{"embeddable":true,"href":"https:\/\/www.toque-musicall.com\/index.php?rest_route=\/wp\/v2\/users\/1"}],"replies":[{"embeddable":true,"href":"https:\/\/www.toque-musicall.com\/index.php?rest_route=%2Fwp%2Fv2%2Fcomments&post=6758"}],"version-history":[{"count":1,"href":"https:\/\/www.toque-musicall.com\/index.php?rest_route=\/wp\/v2\/posts\/6758\/revisions"}],"predecessor-version":[{"id":6759,"href":"https:\/\/www.toque-musicall.com\/index.php?rest_route=\/wp\/v2\/posts\/6758\/revisions\/6759"}],"wp:attachment":[{"href":"https:\/\/www.toque-musicall.com\/index.php?rest_route=%2Fwp%2Fv2%2Fmedia&parent=6758"}],"wp:term":[{"taxonomy":"category","embeddable":true,"href":"https:\/\/www.toque-musicall.com\/index.php?rest_route=%2Fwp%2Fv2%2Fcategories&post=6758"},{"taxonomy":"post_tag","embeddable":true,"href":"https:\/\/www.toque-musicall.com\/index.php?rest_route=%2Fwp%2Fv2%2Ftags&post=6758"}],"curies":[{"name":"wp","href":"https:\/\/api.w.org\/{rel}","templated":true}]}}