{"id":676,"date":"2010-10-14T10:29:00","date_gmt":"2010-10-14T10:29:00","guid":{"rendered":"http:\/\/www.toque-musicall.com\/?p=676"},"modified":"2010-10-14T10:29:00","modified_gmt":"2010-10-14T10:29:00","slug":"17o-feira-do-vinil-e-cds-independentes","status":"publish","type":"post","link":"https:\/\/www.toque-musicall.com\/?p=676","title":{"rendered":"17\u00ba Feira do Vinil e CD&#8217;s Independentes!"},"content":{"rendered":"<p><a href=\"http:\/\/4.bp.blogspot.com\/_DSKVEvHtskc\/TLbc2CfXcLI\/AAAAAAAAHK8\/07HVQhogrXs\/s1600\/flyer+17+feira.JPG\"><img decoding=\"async\" id=\"BLOGGER_PHOTO_ID_5527848413583339698\" style=\"DISPLAY: block; MARGIN: 0px auto 10px; WIDTH: 400px; CURSOR: hand; HEIGHT: 282px; TEXT-ALIGN: center\" alt=\"\" src=\"http:\/\/4.bp.blogspot.com\/_DSKVEvHtskc\/TLbc2CfXcLI\/AAAAAAAAHK8\/07HVQhogrXs\/s400\/flyer+17+feira.JPG\" border=\"0\" \/><\/a>Aos que estiverem em Belo Horizonte no pr\u00f3ximo s\u00e1bado, n\u00e3o deixem de conferir a super feira de vinil e cd, que acontece durante todo o dia l\u00e1 na <a href=\"http:\/\/www.discotecapublica.com.br\/\">Discoteca P\u00fablica<\/a>. Se voc\u00ea tem disco para vender, quer comprar ou trocar, este \u00e9 o lugar! Eu acho que darei uma chegada por l\u00e1. Al\u00e9m dos discos, vai rolar uns comes e bebes e a participa\u00e7\u00e3o especial do DJ Luiz Valente que tamb\u00e9m estar\u00e1 apresentando ao p\u00fablico da Feira, os discos da sua <a href=\"http:\/\/www.vinyllandrecords.com\/\">Vinil Land<\/a>. Os lan\u00e7amentos estar\u00e3o a venda . Quem \u00e9 apaixonado por vinil como eu, n\u00e3o vai ficar fora dessa. O convite ta\u00ed&#8230; \ud83d\ude09<\/p>\n","protected":false},"excerpt":{"rendered":"<p>Aos que estiverem em Belo Horizonte no pr\u00f3ximo s\u00e1bado, n\u00e3o deixem de conferir a super feira de vinil e cd, que acontece durante todo o dia l\u00e1 na Discoteca P\u00fablica. Se voc\u00ea tem disco para vender, quer comprar ou trocar, &hellip; <a href=\"https:\/\/www.toque-musicall.com\/?p=676\">Continue lendo <span class=\"meta-nav\">&rarr;<\/span><\/a><\/p>\n","protected":false},"author":1,"featured_media":0,"comment_status":"open","ping_status":"closed","sticky":false,"template":"","format":"standard","meta":{"footnotes":""},"categories":[980],"tags":[],"class_list":["post-676","post","type-post","status-publish","format-standard","hentry","category-feira-de-vinil"],"_links":{"self":[{"href":"https:\/\/www.toque-musicall.com\/index.php?rest_route=\/wp\/v2\/posts\/676","targetHints":{"allow":["GET"]}}],"collection":[{"href":"https:\/\/www.toque-musicall.com\/index.php?rest_route=\/wp\/v2\/posts"}],"about":[{"href":"https:\/\/www.toque-musicall.com\/index.php?rest_route=\/wp\/v2\/types\/post"}],"author":[{"embeddable":true,"href":"https:\/\/www.toque-musicall.com\/index.php?rest_route=\/wp\/v2\/users\/1"}],"replies":[{"embeddable":true,"href":"https:\/\/www.toque-musicall.com\/index.php?rest_route=%2Fwp%2Fv2%2Fcomments&post=676"}],"version-history":[{"count":0,"href":"https:\/\/www.toque-musicall.com\/index.php?rest_route=\/wp\/v2\/posts\/676\/revisions"}],"wp:attachment":[{"href":"https:\/\/www.toque-musicall.com\/index.php?rest_route=%2Fwp%2Fv2%2Fmedia&parent=676"}],"wp:term":[{"taxonomy":"category","embeddable":true,"href":"https:\/\/www.toque-musicall.com\/index.php?rest_route=%2Fwp%2Fv2%2Fcategories&post=676"},{"taxonomy":"post_tag","embeddable":true,"href":"https:\/\/www.toque-musicall.com\/index.php?rest_route=%2Fwp%2Fv2%2Ftags&post=676"}],"curies":[{"name":"wp","href":"https:\/\/api.w.org\/{rel}","templated":true}]}}