{"id":6761,"date":"2019-05-01T13:05:48","date_gmt":"2019-05-01T16:05:48","guid":{"rendered":"http:\/\/www.toque-musicall.com\/?p=6761"},"modified":"2020-01-26T18:54:38","modified_gmt":"2020-01-26T21:54:38","slug":"mario-bruno-e-os-carbonos-as-12-mais-italianas-1967","status":"publish","type":"post","link":"https:\/\/www.toque-musicall.com\/?p=6761","title":{"rendered":"Mario Bruno E Os Carbonos &#8211; As 12 Mais Italianas (1967)"},"content":{"rendered":"\n<figure class=\"wp-block-image\"><img decoding=\"async\" src=\"https:\/\/1.bp.blogspot.com\/-pjzJQaYzA38\/XP0NMaXDpWI\/AAAAAAAAPsY\/ihJ56z76L1kp_UT1ZvV7wRBnoP-C4QofwCLcBGAs\/s640\/Anota%25C3%25A7%25C3%25A3o%2B2019-06-09%2B102020.jpg\" alt=\"\"\/><\/figure>\n\n\n\n<figure class=\"wp-block-image\"><img decoding=\"async\" src=\"https:\/\/1.bp.blogspot.com\/-ZqE7gtelOKk\/XP0NMT7mMWI\/AAAAAAAAPsU\/zV28-N2Fx4YezmmIITauowjZHsfdZ9FOwCLcBGAs\/s640\/Anota%25C3%25A7%25C3%25A3o%2B2019-06-09%2B103221.jpg\" alt=\"\"\/><\/figure>\n\n\n<p>Bom dia, amigos cultos e ocultos! Devido as dificuldades, em todos os aspectos, de manuten\u00e7\u00e3o do Toque Musical, estou passando a tarefa para outras pessoas al\u00e9m do amigo Samuca que muito tem nos ajudado com suas resenhas. De agora em diante, conto com mais dois colaboradores que ficar\u00e3o por conta das publica\u00e7\u00f5es. Eu, continuo na produ\u00e7\u00e3o, mas em especial nas escolhas do que ser\u00e1 postado. Encerramos de vez o atendimento para reposi\u00e7\u00e3o de links. Esses ser\u00e3o repostos a crit\u00e9rio dos administradores. Caso, algu\u00e9m tenha interesse em arquivos\/discos que n\u00e3o est\u00e3o no GTM poder\u00e3o solicitar, dessa vez, um pacote com at\u00e9 10 t\u00edtulos. o envio ser\u00e1 exclusivo, sendo enviado diretamente ao e-mail do solicitante. Para tanto, estamos solicitando um pequena ajuda de custos. Creio que assim podemos manter a continuidade de nossos trabalhos. Contamos com a compreens\u00e3o e colabora\u00e7\u00e3o de todos. O Toque Musical n\u00e3o pode parar.<br \/>Hoje, temos, mais uma vez, o grupo Os Carbonos. Aqui j\u00e1 postamos outros discos da banda e hoje trazemos o que seria o seu primeiro, lan\u00e7ado em 1967 pela Discos Beverly. Neste lp temos como destaque M\u00e1rio Bruno, que na verdade, nada mais era que o tecladista da pr\u00f3pria banda, mas que aqui aparece como um pretenso cantor de hits italianos. Os Carbonos atuaram nas d\u00e9cadas de 60 e 70. Tamb\u00e9m, seus membros, gravaram discos com outros nomes. Eram peritos na arte do que internacionalmente \u00e9 chamado de &#8216;cover&#8217;. Para os amantes da m\u00fasica italiana, eis a\u00ed uma boa pedida. Confiram no GTM!<\/p>\n<div style=\"text-align: center;\">non pensare a me<\/div>\n<div style=\"text-align: center;\">django<\/div>\n<div style=\"text-align: center;\">ciao amore ciao<\/div>\n<div style=\"text-align: center;\">dio come ti amo<\/div>\n<div style=\"text-align: center;\">ringo dove vai<\/div>\n<div style=\"text-align: center;\">cuore matto\u00a0<\/div>\n<div style=\"text-align: center;\">fortissimo<\/div>\n<div style=\"text-align: center;\">quando bico che ti amo<\/div>\n<div style=\"text-align: center;\">l&#8217; amore se\u00a0 ne va<\/div>\n<div style=\"text-align: center;\">al di la<\/div>\n<div style=\"text-align: center;\">c&#8217;era un ragazo che come me amava i beatles e i rolling stones<\/div>\n<div style=\"text-align: center;\">si fa sera<\/div>\n<div>\u00a0<\/div>\n<div>.<\/div>","protected":false},"excerpt":{"rendered":"<p>Bom dia, amigos cultos e ocultos! Devido as dificuldades, em todos os aspectos, de manuten\u00e7\u00e3o do Toque Musical, estou passando a tarefa para outras pessoas al\u00e9m do amigo Samuca que muito tem nos ajudado com suas resenhas. De agora em &hellip; <a href=\"https:\/\/www.toque-musicall.com\/?p=6761\">Continue lendo <span class=\"meta-nav\">&rarr;<\/span><\/a><\/p>\n","protected":false},"author":1,"featured_media":0,"comment_status":"open","ping_status":"closed","sticky":false,"template":"","format":"standard","meta":{"footnotes":""},"categories":[422,55],"tags":[3421,3109,3111],"class_list":["post-6761","post","type-post","status-publish","format-standard","hentry","category-os-carbonos","category-selo-beverly","tag-mario-bruno","tag-os-carbonos","tag-selo-beverly"],"_links":{"self":[{"href":"https:\/\/www.toque-musicall.com\/index.php?rest_route=\/wp\/v2\/posts\/6761","targetHints":{"allow":["GET"]}}],"collection":[{"href":"https:\/\/www.toque-musicall.com\/index.php?rest_route=\/wp\/v2\/posts"}],"about":[{"href":"https:\/\/www.toque-musicall.com\/index.php?rest_route=\/wp\/v2\/types\/post"}],"author":[{"embeddable":true,"href":"https:\/\/www.toque-musicall.com\/index.php?rest_route=\/wp\/v2\/users\/1"}],"replies":[{"embeddable":true,"href":"https:\/\/www.toque-musicall.com\/index.php?rest_route=%2Fwp%2Fv2%2Fcomments&post=6761"}],"version-history":[{"count":1,"href":"https:\/\/www.toque-musicall.com\/index.php?rest_route=\/wp\/v2\/posts\/6761\/revisions"}],"predecessor-version":[{"id":6762,"href":"https:\/\/www.toque-musicall.com\/index.php?rest_route=\/wp\/v2\/posts\/6761\/revisions\/6762"}],"wp:attachment":[{"href":"https:\/\/www.toque-musicall.com\/index.php?rest_route=%2Fwp%2Fv2%2Fmedia&parent=6761"}],"wp:term":[{"taxonomy":"category","embeddable":true,"href":"https:\/\/www.toque-musicall.com\/index.php?rest_route=%2Fwp%2Fv2%2Fcategories&post=6761"},{"taxonomy":"post_tag","embeddable":true,"href":"https:\/\/www.toque-musicall.com\/index.php?rest_route=%2Fwp%2Fv2%2Ftags&post=6761"}],"curies":[{"name":"wp","href":"https:\/\/api.w.org\/{rel}","templated":true}]}}