{"id":6763,"date":"2019-05-04T13:11:47","date_gmt":"2019-05-04T16:11:47","guid":{"rendered":"http:\/\/www.toque-musicall.com\/?p=6763"},"modified":"2019-06-09T13:15:40","modified_gmt":"2019-06-09T16:15:40","slug":"jorge-amado-guia-das-ruas-e-dos-misterios-da-cidade-do-salvador-da-bahia-1980","status":"publish","type":"post","link":"https:\/\/www.toque-musicall.com\/?p=6763","title":{"rendered":"Jorge Amado &#8211; Guia Das Ruas E Dos Mist\u00e9rios Da Cidade Do Salvador Da Bahia (1980)"},"content":{"rendered":"\n<figure class=\"wp-block-image\"><img decoding=\"async\" src=\"https:\/\/1.bp.blogspot.com\/-3h0_ly7DaqQ\/XP0k5sdYzHI\/AAAAAAAAPso\/zxb4cQ2mNPw_qkiOOE4gUibjpSp9Y39dwCEwYBhgL\/s640\/Anota%25C3%25A7%25C3%25A3o%2B2019-06-09%2B122952.jpg\" alt=\"\"\/><\/figure>\n\n\n\n<figure class=\"wp-block-image\"><img decoding=\"async\" src=\"https:\/\/1.bp.blogspot.com\/-jsysy5xCOvI\/XP0k0B6-FzI\/AAAAAAAAPsk\/hrlbbR9rMkApYAF053yhZAO3UCCh0aiawCEwYBhgL\/s640\/Anota%25C3%25A7%25C3%25A3o%2B2019-06-09%2B123033.jpg\" alt=\"\"\/><\/figure>\n\n\n<div class=\"article-content entry-content\">Ol\u00e1, amigos cultos e ocultos! Hoje temos uma postagem com toque liter\u00e1rio, oferecendo a voc\u00eas um LP duplo do escritor Jorge Amado (Itabuna, BA, 10\/8\/1912-Salvador, BA, 6\/8\/2001), lan\u00e7ado em 1980 pela Som Livre e intitulado \u201cGuia das ruas e dos mist\u00e9rios da cidade do Salvador da Bahia\u201d. \u00c9 um verdadeiro documento hist\u00f3rico, no qual o autor de \u201cGabriela, cravo e canela\u201d, \u201cMar morto\u201d, \u201cTocaia grande\u201d, \u201cTenda dos milagres\u201d\u00a0\u00a0\u00a0\u00a0\u00a0\u00a0\u00a0 e \u201cTieta do Agreste\u201d, entre tantas obras, descreve aspectos diversos da cidade de Salvador, capital da sua querida e amada Bahia. Tudo embalado pelo fundo musical de Egberto Gismonti. Sem d\u00favida, um trabalho imperd\u00edvel, no qual transparece o g\u00eanio daquele que foi, indiscutivelmente, um dos maiores escritores que o Brasil j\u00e1 teve. \u00c9 s\u00f3 conferir.\u00a0<br \/><br \/>\n<div style=\"text-align: center;\">t\u00edtulo, biografia, dedicat\u00f3ria<\/div>\n<div style=\"text-align: center;\">convite<\/div>\n<div style=\"text-align: center;\">quem guarda os caminhos da cidade<\/div>\n<div style=\"text-align: center;\">m\u00e3e menininha do gantois<\/div>\n<div style=\"text-align: center;\">a for\u00e7a do povo<\/div>\n<div style=\"text-align: center;\">a bahia se leva na cabe\u00e7a<\/div>\n<div style=\"text-align: center;\">poeta e cantor das gra\u00e7as da bahia<\/div>\n<div style=\"text-align: center;\">festa da concei\u00e7\u00e3o da praia<\/div>\n<div style=\"text-align: center;\">capoeira &#8211; jo\u00e3o gilberto em nova iorque<\/div>\n<div style=\"text-align: center;\">para o samba de roda um prato basta<\/div>\n<div style=\"text-align: center;\">olga do alaketu e stela de oxossi<\/div>\n<div style=\"text-align: center;\">o forte do mar<\/div>\n<div style=\"text-align: center;\">dois neto do boca do inferno<\/div>\n<div style=\"text-align: center;\">pelourinho<\/div>\n<div style=\"text-align: center;\">os alagados<\/div>\n<div style=\"text-align: center;\">fil no afox\u00e9 &#8211; avenidas<\/div>\n<div style=\"text-align: center;\">ex-voto &#8211; caetano veloso &#8211; igreja de s\u00e3o francisco<\/div>\n<div style=\"text-align: center;\">iemanj\u00e1<\/div>\n<div style=\"text-align: center;\">batidas e lambretas &#8211; coisinha baiana<\/div>\n<div style=\"text-align: center;\">dad\u00e1 vi\u00fava de corisco &#8211; barba e poesia<\/div>\n<div style=\"text-align: center;\">caryb\u00e9 e a mem\u00f3ria da bahia<\/div>\n<div style=\"text-align: center;\">camafeu de oxossi<\/div>\n<div style=\"text-align: center;\">dom carlos bastos, pr\u00edncipe da bahia<\/div>\n<br \/>*Texto de Samuel Machado Filho<\/div>\n<div class=\"article-footer\">\u00a0<\/div>","protected":false},"excerpt":{"rendered":"<p>Ol\u00e1, amigos cultos e ocultos! Hoje temos uma postagem com toque liter\u00e1rio, oferecendo a voc\u00eas um LP duplo do escritor Jorge Amado (Itabuna, BA, 10\/8\/1912-Salvador, BA, 6\/8\/2001), lan\u00e7ado em 1980 pela Som Livre e intitulado \u201cGuia das ruas e dos &hellip; <a href=\"https:\/\/www.toque-musicall.com\/?p=6763\">Continue lendo <span class=\"meta-nav\">&rarr;<\/span><\/a><\/p>\n","protected":false},"author":1,"featured_media":0,"comment_status":"closed","ping_status":"closed","sticky":false,"template":"","format":"standard","meta":{"footnotes":""},"categories":[1],"tags":[3112,3037],"class_list":["post-6763","post","type-post","status-publish","format-standard","hentry","category-sem-categoria","tag-jorge-amado","tag-selo-som-livre"],"_links":{"self":[{"href":"https:\/\/www.toque-musicall.com\/index.php?rest_route=\/wp\/v2\/posts\/6763","targetHints":{"allow":["GET"]}}],"collection":[{"href":"https:\/\/www.toque-musicall.com\/index.php?rest_route=\/wp\/v2\/posts"}],"about":[{"href":"https:\/\/www.toque-musicall.com\/index.php?rest_route=\/wp\/v2\/types\/post"}],"author":[{"embeddable":true,"href":"https:\/\/www.toque-musicall.com\/index.php?rest_route=\/wp\/v2\/users\/1"}],"replies":[{"embeddable":true,"href":"https:\/\/www.toque-musicall.com\/index.php?rest_route=%2Fwp%2Fv2%2Fcomments&post=6763"}],"version-history":[{"count":1,"href":"https:\/\/www.toque-musicall.com\/index.php?rest_route=\/wp\/v2\/posts\/6763\/revisions"}],"predecessor-version":[{"id":6764,"href":"https:\/\/www.toque-musicall.com\/index.php?rest_route=\/wp\/v2\/posts\/6763\/revisions\/6764"}],"wp:attachment":[{"href":"https:\/\/www.toque-musicall.com\/index.php?rest_route=%2Fwp%2Fv2%2Fmedia&parent=6763"}],"wp:term":[{"taxonomy":"category","embeddable":true,"href":"https:\/\/www.toque-musicall.com\/index.php?rest_route=%2Fwp%2Fv2%2Fcategories&post=6763"},{"taxonomy":"post_tag","embeddable":true,"href":"https:\/\/www.toque-musicall.com\/index.php?rest_route=%2Fwp%2Fv2%2Ftags&post=6763"}],"curies":[{"name":"wp","href":"https:\/\/api.w.org\/{rel}","templated":true}]}}