{"id":6765,"date":"2019-05-08T06:07:15","date_gmt":"2019-05-08T09:07:15","guid":{"rendered":"http:\/\/www.toque-musicall.com\/?p=6765"},"modified":"2019-06-17T06:12:54","modified_gmt":"2019-06-17T09:12:54","slug":"banda-paulistana-luzes-da-noite-1981","status":"publish","type":"post","link":"https:\/\/www.toque-musicall.com\/?p=6765","title":{"rendered":"Banda Paulistana &#8211; Luzes Da Noite (1981)"},"content":{"rendered":"\n<figure class=\"wp-block-image\"><img decoding=\"async\" src=\"https:\/\/1.bp.blogspot.com\/-UXtUbwbYLz4\/XQbUfeN1sKI\/AAAAAAAAPs4\/lweMYGioKqIhg5hW9jeJEtiPSCJCi-oRwCLcBGAs\/s640\/Anota%25C3%25A7%25C3%25A3o%2B2019-06-16%2B204951.jpg\" alt=\"\"\/><\/figure>\n\n\n\n<figure class=\"wp-block-image\"><img decoding=\"async\" src=\"https:\/\/1.bp.blogspot.com\/-dNmPd3wn5tA\/XQbUfn9P1GI\/AAAAAAAAPs8\/Z1bG8jDdegoUBY6_QTcaE5mxWqV1JybyQCLcBGAs\/s640\/Anota%25C3%25A7%25C3%25A3o%2B2019-06-16%2B205058.jpg\" alt=\"\"\/><\/figure>\n\n\n<p>Ol\u00e1, amigos cultos e ocultos! O Toque Musical est\u00e1 trazendo hoje para voc\u00eas mais um \u00e1lbum de m\u00fasica instrumental brasileira da melhor qualidade. Desta vez, apresentamos a Banda Paulistana, com \u201cLuzes da noite\u201d, lan\u00e7ado pela Eldorado em 1984, fruto da uni\u00e3o de dois amigos m\u00fasicos: o guitarrista e compositor C\u00e2ndido Serra (que assina todas as oito faixas do disco) e o baixista Nico Assump\u00e7\u00e3o. C\u00e2ndido come\u00e7ou a tocar em 1975, na noite paulistana. Entre 1976 e 1981, foi professor do CLAM, escola de m\u00fasica do Zimbo Trio. Alguns de seus alunos: Andr\u00e9 Christovam, Ulisses Rocha, Nuno Mindelis e Rui Saleme. Tocou ao lado de nomes importantes como Eliane Elias, L\u00f4 Borges, Cl\u00e1udio Celso, Duda Neves e Michel Freidenson. No final da d\u00e9cada de 1970 fundou, juntamente com Andr\u00e9 Gereissati e Rui Saleme, o lend\u00e1rio Grupo D\u2019Alma, com quem grava seu primeiro \u00e1lbum, \u201cA quem interessar possa\u201d, apontado pela Associa\u00e7\u00e3o Paulista de Cr\u00edticos de Arte (APCA) como o melhor disco instrumental de 1981. Durante sua trajet\u00f3ria musical, participou de importantes eventos, como os Festivais de Jazz de Montreux, S\u00e3o Paulo e \u00c1guas Claras. Passou uma temporada em Nova York, onde trabalhou com v\u00e1rios m\u00fasicos, entre eles o pianista Robert Damper, e depois formou a Banda Paulistana, com quem gravou o presente \u00e1lbum, do qual participam, al\u00e9m de Nico Assump\u00e7\u00e3o, o baterista Carlos Bala, os saxofonistas Roberto Sion e Man\u00e9 Silveira, e os tecladistas Paulo Calazans e M\u00e1rio Bofa. Gente de primeiro time, como poderemos constatar ouvindo este trabalho que o TM nos oferece.<\/p>\n<div style=\"text-align: center;\">campo belo\u00a0<\/div>\n<div style=\"text-align: center;\">luzes da cidade<\/div>\n<div style=\"text-align: center;\">insinuante<\/div>\n<div style=\"text-align: center;\">olhos fechados<\/div>\n<div style=\"text-align: center;\">aguas claras<\/div>\n<div style=\"text-align: center;\">cora\u00e7\u00e3o aberto<\/div>\n<div style=\"text-align: center;\">nonita<\/div>\n<div style=\"text-align: center;\">tempero bravo\u00a0<\/div>\n<p><br \/><br \/>*Texto de Samuel Machado Filho<\/p>","protected":false},"excerpt":{"rendered":"<p>Ol\u00e1, amigos cultos e ocultos! O Toque Musical est\u00e1 trazendo hoje para voc\u00eas mais um \u00e1lbum de m\u00fasica instrumental brasileira da melhor qualidade. Desta vez, apresentamos a Banda Paulistana, com \u201cLuzes da noite\u201d, lan\u00e7ado pela Eldorado em 1984, fruto da &hellip; <a href=\"https:\/\/www.toque-musicall.com\/?p=6765\">Continue lendo <span class=\"meta-nav\">&rarr;<\/span><\/a><\/p>\n","protected":false},"author":1,"featured_media":0,"comment_status":"closed","ping_status":"closed","sticky":false,"template":"","format":"standard","meta":{"footnotes":""},"categories":[1],"tags":[3113,3114],"class_list":["post-6765","post","type-post","status-publish","format-standard","hentry","category-sem-categoria","tag-banda-paulistana","tag-selo-estudio-eldorado"],"_links":{"self":[{"href":"https:\/\/www.toque-musicall.com\/index.php?rest_route=\/wp\/v2\/posts\/6765","targetHints":{"allow":["GET"]}}],"collection":[{"href":"https:\/\/www.toque-musicall.com\/index.php?rest_route=\/wp\/v2\/posts"}],"about":[{"href":"https:\/\/www.toque-musicall.com\/index.php?rest_route=\/wp\/v2\/types\/post"}],"author":[{"embeddable":true,"href":"https:\/\/www.toque-musicall.com\/index.php?rest_route=\/wp\/v2\/users\/1"}],"replies":[{"embeddable":true,"href":"https:\/\/www.toque-musicall.com\/index.php?rest_route=%2Fwp%2Fv2%2Fcomments&post=6765"}],"version-history":[{"count":1,"href":"https:\/\/www.toque-musicall.com\/index.php?rest_route=\/wp\/v2\/posts\/6765\/revisions"}],"predecessor-version":[{"id":6766,"href":"https:\/\/www.toque-musicall.com\/index.php?rest_route=\/wp\/v2\/posts\/6765\/revisions\/6766"}],"wp:attachment":[{"href":"https:\/\/www.toque-musicall.com\/index.php?rest_route=%2Fwp%2Fv2%2Fmedia&parent=6765"}],"wp:term":[{"taxonomy":"category","embeddable":true,"href":"https:\/\/www.toque-musicall.com\/index.php?rest_route=%2Fwp%2Fv2%2Fcategories&post=6765"},{"taxonomy":"post_tag","embeddable":true,"href":"https:\/\/www.toque-musicall.com\/index.php?rest_route=%2Fwp%2Fv2%2Ftags&post=6765"}],"curies":[{"name":"wp","href":"https:\/\/api.w.org\/{rel}","templated":true}]}}