{"id":6767,"date":"2019-05-11T06:28:42","date_gmt":"2019-05-11T09:28:42","guid":{"rendered":"http:\/\/www.toque-musicall.com\/?p=6767"},"modified":"2019-06-17T06:33:21","modified_gmt":"2019-06-17T09:33:21","slug":"o-outro-bando-da-lua-um-palco-e-preciso-1981","status":"publish","type":"post","link":"https:\/\/www.toque-musicall.com\/?p=6767","title":{"rendered":"O Outro Bando Da Lua &#8211; Um Palco \u00c9 Preciso (1981)"},"content":{"rendered":"\n<figure class=\"wp-block-image\"><img decoding=\"async\" src=\"https:\/\/1.bp.blogspot.com\/-cy3hQyvUCYw\/XQdbUS7IriI\/AAAAAAAAPtI\/BIjeK-TEB8clhcTH2ugP0NjVN-pzUGybACLcBGAs\/s640\/Anota%25C3%25A7%25C3%25A3o%2B2019-06-17%2B062536.jpg\" alt=\"\"\/><\/figure>\n\n\n\n<figure class=\"wp-block-image\"><img decoding=\"async\" src=\"https:\/\/1.bp.blogspot.com\/-hRYUuIPuGSk\/XQdbUtPGHDI\/AAAAAAAAPtM\/xRbprAnazxkRtMDChb0cMSyXHCF8SuAcgCLcBGAs\/s640\/Anota%25C3%25A7%25C3%25A3o%2B2019-06-17%2B062621.jpg\" alt=\"\"\/><\/figure>\n\n\n<p>Ol\u00e1, amigos cultos e ocultos! O Toque Musical vem trazer para voc\u00eas hoje o \u00fanico \u00e1lbum do Outro Bando da Lua, uma edi\u00e7\u00e3o independente de 1981. Quase nada se sabe a respeito deste grupo, mas, ao ouvir o disco, podemos constatar que \u00e9 um bom trabalho de MPB, com onze faixas. A curiosidade aqui fica por conta da presen\u00e7a, na flauta, de Chiquinho Brand\u00e3o, tamb\u00e9m ator de teatro, cinema e televis\u00e3o, morto prematuramente em acidente automobil\u00edstico, aos 39 anos, em 4 de junho de 1991. No mais, um \u00e1lbum interessante e raro, merecedor de mais esta postagem de nosso TM.<\/p>\n<div style=\"text-align: center;\">virgem<\/div>\n<div style=\"text-align: center;\">gare du nord<\/div>\n<div style=\"text-align: center;\">sentimental<\/div>\n<div style=\"text-align: center;\">mar do norte<\/div>\n<div style=\"text-align: center;\">v\u00f4o<\/div>\n<div style=\"text-align: center;\">desarvorado<\/div>\n<div style=\"text-align: center;\">reguizinho mixuruca<\/div>\n<div style=\"text-align: center;\">carioquice<\/div>\n<div style=\"text-align: center;\">um blu sem raz\u00e3o<\/div>\n<div style=\"text-align: center;\">medida do cora\u00e7\u00e3o<\/div>\n<div style=\"text-align: center;\">retic\u00eancias<\/div>\n<p><br \/><br \/>*Texto de Samuel Machado Filho\u00a0<\/p>","protected":false},"excerpt":{"rendered":"<p>Ol\u00e1, amigos cultos e ocultos! O Toque Musical vem trazer para voc\u00eas hoje o \u00fanico \u00e1lbum do Outro Bando da Lua, uma edi\u00e7\u00e3o independente de 1981. Quase nada se sabe a respeito deste grupo, mas, ao ouvir o disco, podemos &hellip; <a href=\"https:\/\/www.toque-musicall.com\/?p=6767\">Continue lendo <span class=\"meta-nav\">&rarr;<\/span><\/a><\/p>\n","protected":false},"author":1,"featured_media":0,"comment_status":"closed","ping_status":"closed","sticky":false,"template":"","format":"standard","meta":{"footnotes":""},"categories":[1],"tags":[3115,3017],"class_list":["post-6767","post","type-post","status-publish","format-standard","hentry","category-sem-categoria","tag-o-outro-bando-da-lua","tag-selo-independente"],"_links":{"self":[{"href":"https:\/\/www.toque-musicall.com\/index.php?rest_route=\/wp\/v2\/posts\/6767","targetHints":{"allow":["GET"]}}],"collection":[{"href":"https:\/\/www.toque-musicall.com\/index.php?rest_route=\/wp\/v2\/posts"}],"about":[{"href":"https:\/\/www.toque-musicall.com\/index.php?rest_route=\/wp\/v2\/types\/post"}],"author":[{"embeddable":true,"href":"https:\/\/www.toque-musicall.com\/index.php?rest_route=\/wp\/v2\/users\/1"}],"replies":[{"embeddable":true,"href":"https:\/\/www.toque-musicall.com\/index.php?rest_route=%2Fwp%2Fv2%2Fcomments&post=6767"}],"version-history":[{"count":1,"href":"https:\/\/www.toque-musicall.com\/index.php?rest_route=\/wp\/v2\/posts\/6767\/revisions"}],"predecessor-version":[{"id":6768,"href":"https:\/\/www.toque-musicall.com\/index.php?rest_route=\/wp\/v2\/posts\/6767\/revisions\/6768"}],"wp:attachment":[{"href":"https:\/\/www.toque-musicall.com\/index.php?rest_route=%2Fwp%2Fv2%2Fmedia&parent=6767"}],"wp:term":[{"taxonomy":"category","embeddable":true,"href":"https:\/\/www.toque-musicall.com\/index.php?rest_route=%2Fwp%2Fv2%2Fcategories&post=6767"},{"taxonomy":"post_tag","embeddable":true,"href":"https:\/\/www.toque-musicall.com\/index.php?rest_route=%2Fwp%2Fv2%2Ftags&post=6767"}],"curies":[{"name":"wp","href":"https:\/\/api.w.org\/{rel}","templated":true}]}}