{"id":677,"date":"2010-10-13T11:12:00","date_gmt":"2010-10-13T11:12:00","guid":{"rendered":"http:\/\/www.toque-musicall.com\/?p=677"},"modified":"2010-10-13T11:12:00","modified_gmt":"2010-10-13T11:12:00","slug":"martha-mendonca-kimi-koishi-1964","status":"publish","type":"post","link":"https:\/\/www.toque-musicall.com\/?p=677","title":{"rendered":"Martha Mendon\u00e7a &#8211; Kimi Koishi (1964)"},"content":{"rendered":"<p><a href=\"http:\/\/2.bp.blogspot.com\/_DSKVEvHtskc\/TLWUwh_87gI\/AAAAAAAAHKw\/QaxDVnuesto\/s1600\/Martha+Mendon%C3%A7a+P.JPG\"><img decoding=\"async\" style=\"TEXT-ALIGN: center; MARGIN: 0px auto 10px; WIDTH: 400px; DISPLAY: block; HEIGHT: 398px; CURSOR: hand\" id=\"BLOGGER_PHOTO_ID_5527487679148387842\" border=\"0\" alt=\"\" src=\"http:\/\/2.bp.blogspot.com\/_DSKVEvHtskc\/TLWUwh_87gI\/AAAAAAAAHKw\/QaxDVnuesto\/s400\/Martha+Mendon%C3%A7a+P.JPG\" \/><\/a> Bom dia, amigos cultos e ocultos. H\u00e1 tempos alguns de nossos visitantes haviam citado e pedido discos da cantora Martha Mendon\u00e7a. Eu confesso que acabei me esquecendo. Como j\u00e1 dizia o Roberto Carlos, &#8220;s\u00e3o tantas emo\u00e7\u00f5es&#8221;, que eu at\u00e9 me perco. As vezes, realmente, eu me esque\u00e7o de muita coisa que j\u00e1 foi postada aqui no Toque Musical. Tenho que recorrer ao index da barra lateral do blog para me certificar.<br \/>Bom, ent\u00e3o, atendendo \u00e0 pedidos, embora tardiamente, temos aqui a Martha Mendon\u00e7a em seu \u00e1lbum de 1964 pela Chantecler. &#8220;Kimi Koishi&#8221; \u00e9 uma m\u00fasica japonesa famosa, que d\u00e1 nome ao disco e que aqui recebeu o nome de &#8220;Saudade de voc\u00ea&#8221;, numa vers\u00e3o de Teixeira Filho. Acho que esta m\u00fasica ficou mais famosa na vers\u00e3o brasileira da Martha do que a original de Frank Nagai (pelo menos no Brasil). O \u00e1lbum traz ainda outras vers\u00f5es e algumas m\u00fasicas de L\u00facio Cardim e da dupla Evaldo Gouveia e Jair Amorim. Um disco rom\u00e2ntico por excel\u00eancia, para aumentar ou aplacar &#8216;dores de cotovelos&#8217;, com se dizia antigamente. Martha Mendon\u00e7a tem um timbre de voz muito especial. Se tivesse levado a diante a sua carreira como cantora e tamb\u00e9m, se tivesse se dedicado a um repert\u00f3rio de todo rom\u00e2ntico, talvez fosse hoje considerada uma das nossas mais importantes cantoras.<\/p>\n<div align=\"center\">saudade de voc\u00ea (kimi koishi)<\/div>\n<div align=\"center\">palavras, s\u00f3 palavras<\/div>\n<div align=\"center\">serenata do meu pranto<\/div>\n<div align=\"center\">prece a quem volta<\/div>\n<div align=\"center\">o c\u00e9u escureceu<\/div>\n<div align=\"center\">que queres tu de mim<\/div>\n<div align=\"center\">somos iguais<\/div>\n<div align=\"center\">deixe pra mim a culpa<\/div>\n<div align=\"center\">foi contigo<\/div>\n<div align=\"center\">doce veneno (dulce veneno)<\/div>\n<div align=\"center\">eu amo, tu amas<\/div>\n<div align=\"center\">noites vazias<\/div>\n<div align=\"center\"><\/div>\n<div align=\"center\"><\/div>\n","protected":false},"excerpt":{"rendered":"<p>Bom dia, amigos cultos e ocultos. H\u00e1 tempos alguns de nossos visitantes haviam citado e pedido discos da cantora Martha Mendon\u00e7a. Eu confesso que acabei me esquecendo. Como j\u00e1 dizia o Roberto Carlos, &#8220;s\u00e3o tantas emo\u00e7\u00f5es&#8221;, que eu at\u00e9 me &hellip; <a href=\"https:\/\/www.toque-musicall.com\/?p=677\">Continue lendo <span class=\"meta-nav\">&rarr;<\/span><\/a><\/p>\n","protected":false},"author":1,"featured_media":0,"comment_status":"open","ping_status":"closed","sticky":false,"template":"","format":"standard","meta":{"footnotes":""},"categories":[981],"tags":[],"class_list":["post-677","post","type-post","status-publish","format-standard","hentry","category-martha-mendonca"],"_links":{"self":[{"href":"https:\/\/www.toque-musicall.com\/index.php?rest_route=\/wp\/v2\/posts\/677","targetHints":{"allow":["GET"]}}],"collection":[{"href":"https:\/\/www.toque-musicall.com\/index.php?rest_route=\/wp\/v2\/posts"}],"about":[{"href":"https:\/\/www.toque-musicall.com\/index.php?rest_route=\/wp\/v2\/types\/post"}],"author":[{"embeddable":true,"href":"https:\/\/www.toque-musicall.com\/index.php?rest_route=\/wp\/v2\/users\/1"}],"replies":[{"embeddable":true,"href":"https:\/\/www.toque-musicall.com\/index.php?rest_route=%2Fwp%2Fv2%2Fcomments&post=677"}],"version-history":[{"count":0,"href":"https:\/\/www.toque-musicall.com\/index.php?rest_route=\/wp\/v2\/posts\/677\/revisions"}],"wp:attachment":[{"href":"https:\/\/www.toque-musicall.com\/index.php?rest_route=%2Fwp%2Fv2%2Fmedia&parent=677"}],"wp:term":[{"taxonomy":"category","embeddable":true,"href":"https:\/\/www.toque-musicall.com\/index.php?rest_route=%2Fwp%2Fv2%2Fcategories&post=677"},{"taxonomy":"post_tag","embeddable":true,"href":"https:\/\/www.toque-musicall.com\/index.php?rest_route=%2Fwp%2Fv2%2Ftags&post=677"}],"curies":[{"name":"wp","href":"https:\/\/api.w.org\/{rel}","templated":true}]}}