{"id":6771,"date":"2019-05-15T19:37:40","date_gmt":"2019-05-15T22:37:40","guid":{"rendered":"http:\/\/www.toque-musicall.com\/?p=6771"},"modified":"2024-01-21T12:07:14","modified_gmt":"2024-01-21T15:07:14","slug":"almondegas-1979","status":"publish","type":"post","link":"https:\/\/www.toque-musicall.com\/?p=6771","title":{"rendered":"Almondegas (1979)"},"content":{"rendered":"\n<figure class=\"wp-block-image\"><img decoding=\"async\" src=\"https:\/\/1.bp.blogspot.com\/-R7rpHoUd9Pk\/XQgUXHCnbQI\/AAAAAAAAPuE\/iutSmUWmpn0DYlAeA0geW6BI2-dhy1fpQCLcBGAs\/s640\/Anota%25C3%25A7%25C3%25A3o%2B2019-06-17%2B193231.jpg\" alt=\"\"\/><\/figure>\n\n\n\n<figure class=\"wp-block-image\"><img decoding=\"async\" src=\"https:\/\/1.bp.blogspot.com\/-vMVRKoFNsYU\/XQgUXMqgLvI\/AAAAAAAAPuI\/S8Sjk1KfrLIJ2SZhSaqIwE1kLMmgVT5UQCLcBGAs\/s640\/Anota%25C3%25A7%25C3%25A3o%2B2019-06-17%2B193416.jpg\" alt=\"\"\/><\/figure>\n\n\n<div class=\"article-content entry-content\">O Toque Musical oferece hoje a seus amigos cultos e ocultos uma compila\u00e7\u00e3o dos Alm\u00f4ndegas, uma das bandas pioneiras em criar uma linguagem particular para a m\u00fasica popular ga\u00facha. Oriundos da cidade de Pelotas, os Alm\u00f4ndegas misturavam velhas can\u00e7\u00f5es do folclore ga\u00facho, MPB e rock, e seu trabalho virou refer\u00eancia para artistas posteriores do pop-rock ga\u00facho. Tudo come\u00e7ou em 1971, quando os irm\u00e3os Kleiton e Kledir Ramil, o primo Pery Souza e os amigos Gilnei Silveira e Quico Castro Neves lideravam uma gurizada que se reunia num apartamento no bairro Petr\u00f3polis, em Porto Alegre, para cantar. M\u00fasicos de forma\u00e7\u00e3o ecl\u00e9tica, eles s\u00f3 pensavam em se divertir quando venceram o I Festival Universit\u00e1rio da Can\u00e7\u00e3o Catarinense com a m\u00fasica \u201cVento negro\u201d. Em 1974, fizeram sua primeira grava\u00e7\u00e3o: a m\u00fasica \u201cTestamento\u201d, com letra de Jos\u00e9 Foga\u00e7a, m\u00fasica que virou trilha sonora do programa \u201cOpini\u00e3o jovem\u201d, apresentado pelo pr\u00f3prio Foga\u00e7a na R\u00e1dio Continental AM. Um ano mais tarde, vem o primeiro LP, sem t\u00edtulo, e ainda em 1975, o segundo, \u201cAqui\u201d. Em 1977, mais dois \u00e1lbuns: \u201cGaud\u00eancio Sete Luas\u201d e \u201cAlhos com bugalhos\u201d. Em 1978, vem o quinto e \u00faltimo trabalho do grupo, \u201cCirco de marionetes\u201d. Nesta colet\u00e2nea lan\u00e7ada pela K-Tel (selo Music Master) em 1979, ano da dissolu\u00e7\u00e3o dos Alm\u00f4ndegas, est\u00e3o dez faixas extra\u00eddas dos tr\u00eas primeiros LPs do grupo, feitos na Continental. Entre as m\u00fasicas, est\u00e3o \u201cSombra fresca e rock no quintal\u201d, \u201cCan\u00e7\u00e3o da meia-noite\u201d (inclu\u00edda na novela \u201cSaramandaia\u201d, da TV Globo),\u201cVento negro\u201d e \u201cHaragana\u201d, as duas \u00faltimas regravadas mais tarde por Faf\u00e1 de Bel\u00e9m. Enfim, uma amostra preciosa do trabalho dos Alm\u00f4ndegas, com a mescla de regionalismo e musica pop que se constituiu numa esp\u00e9cie de marca registrada do grupo. \u00c9 o que o TM tem a grata satisfa\u00e7\u00e3o de nos oferecer hoje.<br \/><br \/>\n<div style=\"text-align: center;\">sombra fresca e rock no quintal<\/div>\n<div style=\"text-align: center;\">vento negro<\/div>\n<div style=\"text-align: center;\">amargo<\/div>\n<div style=\"text-align: center;\">can\u00e7\u00e3o da meia noite<\/div>\n<div style=\"text-align: center;\">elevador<\/div>\n<div style=\"text-align: center;\">haragana<\/div>\n<div style=\"text-align: center;\">gaud\u00eancio sete luas<\/div>\n<div style=\"text-align: center;\">teia de aranha<\/div>\n<div style=\"text-align: center;\">velha gaita<\/div>\n<div style=\"text-align: center;\">cl\u00f4<\/div>\n<br \/><br \/>*Texto de Samuel Machado Filho\u00a0<\/div>\n<div class=\"article-footer\">\u00a0<\/div>","protected":false},"excerpt":{"rendered":"<p>O Toque Musical oferece hoje a seus amigos cultos e ocultos uma compila\u00e7\u00e3o dos Alm\u00f4ndegas, uma das bandas pioneiras em criar uma linguagem particular para a m\u00fasica popular ga\u00facha. Oriundos da cidade de Pelotas, os Alm\u00f4ndegas misturavam velhas can\u00e7\u00f5es do &hellip; <a href=\"https:\/\/www.toque-musicall.com\/?p=6771\">Continue lendo <span class=\"meta-nav\">&rarr;<\/span><\/a><\/p>\n","protected":false},"author":1,"featured_media":0,"comment_status":"closed","ping_status":"closed","sticky":false,"template":"","format":"standard","meta":{"footnotes":""},"categories":[3118,3119],"tags":[5546,3121],"class_list":["post-6771","post","type-post","status-publish","format-standard","hentry","category-almondegas-2","category-selo-music-master","tag-almondegas-3","tag-selo-music-master"],"_links":{"self":[{"href":"https:\/\/www.toque-musicall.com\/index.php?rest_route=\/wp\/v2\/posts\/6771","targetHints":{"allow":["GET"]}}],"collection":[{"href":"https:\/\/www.toque-musicall.com\/index.php?rest_route=\/wp\/v2\/posts"}],"about":[{"href":"https:\/\/www.toque-musicall.com\/index.php?rest_route=\/wp\/v2\/types\/post"}],"author":[{"embeddable":true,"href":"https:\/\/www.toque-musicall.com\/index.php?rest_route=\/wp\/v2\/users\/1"}],"replies":[{"embeddable":true,"href":"https:\/\/www.toque-musicall.com\/index.php?rest_route=%2Fwp%2Fv2%2Fcomments&post=6771"}],"version-history":[{"count":2,"href":"https:\/\/www.toque-musicall.com\/index.php?rest_route=\/wp\/v2\/posts\/6771\/revisions"}],"predecessor-version":[{"id":10183,"href":"https:\/\/www.toque-musicall.com\/index.php?rest_route=\/wp\/v2\/posts\/6771\/revisions\/10183"}],"wp:attachment":[{"href":"https:\/\/www.toque-musicall.com\/index.php?rest_route=%2Fwp%2Fv2%2Fmedia&parent=6771"}],"wp:term":[{"taxonomy":"category","embeddable":true,"href":"https:\/\/www.toque-musicall.com\/index.php?rest_route=%2Fwp%2Fv2%2Fcategories&post=6771"},{"taxonomy":"post_tag","embeddable":true,"href":"https:\/\/www.toque-musicall.com\/index.php?rest_route=%2Fwp%2Fv2%2Ftags&post=6771"}],"curies":[{"name":"wp","href":"https:\/\/api.w.org\/{rel}","templated":true}]}}