{"id":6776,"date":"2019-05-22T07:59:16","date_gmt":"2019-05-22T10:59:16","guid":{"rendered":"http:\/\/www.toque-musicall.com\/?p=6776"},"modified":"2019-06-21T08:02:05","modified_gmt":"2019-06-21T11:02:05","slug":"eduardo-conde-certas-cancoes-1987","status":"publish","type":"post","link":"https:\/\/www.toque-musicall.com\/?p=6776","title":{"rendered":"Eduardo Conde &#8211; Certas Can\u00e7\u00f5es (1987)"},"content":{"rendered":"\n<figure class=\"wp-block-image\"><img decoding=\"async\" src=\"https:\/\/1.bp.blogspot.com\/-cpAE5DUlr9U\/XQy3LYM5QoI\/AAAAAAAAPvE\/mquTgvEjN8MF3Aakh3egRZJs-nX5rICRQCLcBGAs\/s640\/capa.jpg\" alt=\"\"\/><\/figure>\n\n\n\n<h2 class=\"wp-block-heading\"><\/h2>\n\n\n\n<figure class=\"wp-block-image\"><img decoding=\"async\" src=\"https:\/\/1.bp.blogspot.com\/-qxZO4dvEq0c\/XQy3LLFym1I\/AAAAAAAAPvA\/Uj3E9Qfual8Z90lJOxz6KputblY1JEJwQCLcBGAs\/s640\/contra.jpg\" alt=\"\"\/><\/figure>\n\n\n<p>Ator, cantor e modelo, Eduardo Conde nasceu em Recife, capital de Pernambuco, a 9 de abril de 1946. Iniciou sua carreira de cantor aos 19 anos, e gravou seu primeiro LP em 1967, com o t\u00edtulo de \u201cMinha chegada\u201d.\u00a0 No decorrer dos anos 1960, tamb\u00e9m fez participa\u00e7\u00f5es em shows e festivais de MPB. Sua figura esguia, de longos cabelos lisos, enigm\u00e1ticos olhos e rosto marcante o levou tamb\u00e9m \u00e0s passarelas, mas ele preferiu investir na carreira de ator, destacando-se, nos anos 1970, como protagonista do musical \u201cJesus Cristo superstar\u201d, vers\u00e3o pop da hist\u00f3ria b\u00edblica. Foi tamb\u00e9m por muitos anos, o apresentador da premia\u00e7\u00e3o do Festival de Cinema de Bras\u00edlia. No cinema, participou de produ\u00e7\u00f5es nacionais \u2013 como \u201cO incr\u00edvel monstro trapalh\u00e3o\u201d e \u201cOs saltimbancos trapalh\u00f5es\u201d \u2013 e internacionais \u2013 como \u201cA floresta de esmeraldas\u201d e \u201cFeiti\u00e7o do Rio\u201d, de Stanley Donen, atuando ao lado de Michael Caine e Demi Moore. Na televis\u00e3o, atuou nas novelas \u201cSinal de alerta\u201d (1978), \u201cPlumas e paet\u00eas\u201d (1980), \u201cA idade da loba\u201d (1995), \u201cRaz\u00e3o de viver\u201d (1996), \u201cO beijo do vampiro\u201d (2002) e na miniss\u00e9rie \u201cO quinto dos infernos\u201d (2002). \u00a0Faleceu em Petr\u00f3polis, estado do Rio de Janeiro, em 16 de janeiro de 2003, aos 56 anos, de c\u00e2ncer pulmonar decorrente do tabagismo. Paralelamente ao trabalho de ator, Eduardo Conde tamb\u00e9m se apresentava em shows e gravou LPs como este \u201cCertas can\u00e7\u00f5es\u201d, registrado ao vivo em 1987, que o TM oferece hoje a seus amigos cultos e ocultos. O repert\u00f3rio \u00e9 da melhor qualidade, incluindo Adelino Moreira (\u201cA volta do bo\u00eamio\u201d), Ary Barroso (\u201cFolha morta\u201d), Sueli Costa (\u201cDentro de mim mora um anjo\u201d) e pe\u00e7as do repert\u00f3rio internacional. \u00c9 mais um disco que vale a pena conferir.<\/p>\n<div style=\"text-align: center;\">certas can\u00e7\u00f5es<\/div>\n<div style=\"text-align: center;\">dentro de mim mora um anjo<\/div>\n<div style=\"text-align: center;\">folha morta<\/div>\n<div style=\"text-align: center;\">mulher de trinta<\/div>\n<div style=\"text-align: center;\">retrato cantado<\/div>\n<div style=\"text-align: center;\">valsa do maracan\u00e3<\/div>\n<div style=\"text-align: center;\">lili marleen<\/div>\n<div style=\"text-align: center;\">as time goes by<\/div>\n<div style=\"text-align: center;\">vida de bailarina<\/div>\n<div style=\"text-align: center;\">pai\u00e3o<\/div>\n<div style=\"text-align: center;\">a volta do bo\u00eamio<\/div>\n<div style=\"text-align: center;\">demais<\/div>\n<p><br \/><br \/>*Texto de Samuel Machado Filho\u00a0<\/p>","protected":false},"excerpt":{"rendered":"<p>Ator, cantor e modelo, Eduardo Conde nasceu em Recife, capital de Pernambuco, a 9 de abril de 1946. Iniciou sua carreira de cantor aos 19 anos, e gravou seu primeiro LP em 1967, com o t\u00edtulo de \u201cMinha chegada\u201d.\u00a0 No &hellip; <a href=\"https:\/\/www.toque-musicall.com\/?p=6776\">Continue lendo <span class=\"meta-nav\">&rarr;<\/span><\/a><\/p>\n","protected":false},"author":1,"featured_media":0,"comment_status":"closed","ping_status":"closed","sticky":false,"template":"","format":"standard","meta":{"footnotes":""},"categories":[2844,589],"tags":[3123],"class_list":["post-6776","post","type-post","status-publish","format-standard","hentry","category-eduardo-conde","category-selo-3m","tag-eduardo-conde"],"_links":{"self":[{"href":"https:\/\/www.toque-musicall.com\/index.php?rest_route=\/wp\/v2\/posts\/6776","targetHints":{"allow":["GET"]}}],"collection":[{"href":"https:\/\/www.toque-musicall.com\/index.php?rest_route=\/wp\/v2\/posts"}],"about":[{"href":"https:\/\/www.toque-musicall.com\/index.php?rest_route=\/wp\/v2\/types\/post"}],"author":[{"embeddable":true,"href":"https:\/\/www.toque-musicall.com\/index.php?rest_route=\/wp\/v2\/users\/1"}],"replies":[{"embeddable":true,"href":"https:\/\/www.toque-musicall.com\/index.php?rest_route=%2Fwp%2Fv2%2Fcomments&post=6776"}],"version-history":[{"count":1,"href":"https:\/\/www.toque-musicall.com\/index.php?rest_route=\/wp\/v2\/posts\/6776\/revisions"}],"predecessor-version":[{"id":6777,"href":"https:\/\/www.toque-musicall.com\/index.php?rest_route=\/wp\/v2\/posts\/6776\/revisions\/6777"}],"wp:attachment":[{"href":"https:\/\/www.toque-musicall.com\/index.php?rest_route=%2Fwp%2Fv2%2Fmedia&parent=6776"}],"wp:term":[{"taxonomy":"category","embeddable":true,"href":"https:\/\/www.toque-musicall.com\/index.php?rest_route=%2Fwp%2Fv2%2Fcategories&post=6776"},{"taxonomy":"post_tag","embeddable":true,"href":"https:\/\/www.toque-musicall.com\/index.php?rest_route=%2Fwp%2Fv2%2Ftags&post=6776"}],"curies":[{"name":"wp","href":"https:\/\/api.w.org\/{rel}","templated":true}]}}