{"id":678,"date":"2010-10-12T15:30:00","date_gmt":"2010-10-12T15:30:00","guid":{"rendered":"http:\/\/www.toque-musicall.com\/?p=678"},"modified":"2010-10-12T15:30:00","modified_gmt":"2010-10-12T15:30:00","slug":"villa-lobos-as-criancas-1987","status":"publish","type":"post","link":"https:\/\/www.toque-musicall.com\/?p=678","title":{"rendered":"Villa Lobos \u00c0s Crian\u00e7as (1987)"},"content":{"rendered":"<p><a href=\"http:\/\/3.bp.blogspot.com\/_DSKVEvHtskc\/TLSAEPk8JFI\/AAAAAAAAHKc\/I4Sq-tQeG0I\/s1600\/villa+lobos+P.JPG\"><img decoding=\"async\" style=\"TEXT-ALIGN: center; MARGIN: 0px auto 10px; WIDTH: 400px; DISPLAY: block; HEIGHT: 398px; CURSOR: hand\" id=\"BLOGGER_PHOTO_ID_5527183453079741522\" border=\"0\" alt=\"\" src=\"http:\/\/3.bp.blogspot.com\/_DSKVEvHtskc\/TLSAEPk8JFI\/AAAAAAAAHKc\/I4Sq-tQeG0I\/s400\/villa+lobos+P.JPG\" \/><\/a> Ol\u00e1 amiguinhos cultos e ocultos. Hoje \u00e9 dia de Nossa Senhora da Aparecida, padroeira do Brasil. Salve ela e salve o Brasil! Mas \u00e9 tamb\u00e9m o Dia das Crian\u00e7as, salve, salve&#8230; Na minha inf\u00e2ncia n\u00e3o tinha isso de &#8216;dia das crian\u00e7as&#8217;. Ali\u00e1s, eu s\u00f3 vim a saber que existia o tal dia depois que eu virei adulto. Sacanagem&#8230; Passei pelo menos uns dez anos ignorando meus direitos. Acho que vou processar todas as Associa\u00e7\u00f5es do Com\u00e9rcio por terem negligenciado a propaganda de incentivo a compra de brinquedos nesse dia. Poxa, meus pais n\u00e3o foram avisados, fiquei chupando dedo. Quero de volta todos os meus Dia das Crian\u00e7as! E com presente!<br \/>Eu, durante o tempo de exist\u00eancia do blog, n\u00e3o me lembro de ter dedicado uma postagem \u00e0 esse dia. Acho que poucas vezes postei material infantil por aqui. Embora eu tenha acesso a milhares de discos infantis, prefiro deixar isso para o Cantos &#038; Encantos, que \u00e9 o blog especializado no assunto. Por\u00e9m, contudo e todavia, vou deixando aqui um toquezinho interessante.<br \/>&#8220;Villa Lobos \u00e0s crian\u00e7as&#8221; \u00e9 um trabalho criado pelo violinista polon\u00eas, naturalizado brasileiro, Jerzy Milewski. Jerzy \u00e9 conhecido por suas interpreta\u00e7\u00f5es instrumentais de artistas como Milton Nascimento, Djavan, Paulinho da Viola, entre outros&#8230; Neste disco ele foi o respons\u00e1vel pela cria\u00e7\u00e3o e dire\u00e7\u00e3o, em um trabalho voltado para o p\u00fablico infantil. Trata-se de uma adapta\u00e7\u00e3o da obra de Maria Clara Machado, &#8220;Clarinha na ilha&#8221;, cuja a trilha \u00e9 pautada em Villa Lobos. A adapta\u00e7\u00e3o \u00e9 de H\u00e9lio Bloch e a narra\u00e7\u00e3o dos atores Lucinha Lins e Claudio Cavalcanti.<br \/>Agora, senta que l\u00e1 vai a hist\u00f3ria&#8230;<\/p>\n","protected":false},"excerpt":{"rendered":"<p>Ol\u00e1 amiguinhos cultos e ocultos. Hoje \u00e9 dia de Nossa Senhora da Aparecida, padroeira do Brasil. Salve ela e salve o Brasil! Mas \u00e9 tamb\u00e9m o Dia das Crian\u00e7as, salve, salve&#8230; Na minha inf\u00e2ncia n\u00e3o tinha isso de &#8216;dia das &hellip; <a href=\"https:\/\/www.toque-musicall.com\/?p=678\">Continue lendo <span class=\"meta-nav\">&rarr;<\/span><\/a><\/p>\n","protected":false},"author":1,"featured_media":0,"comment_status":"open","ping_status":"closed","sticky":false,"template":"","format":"standard","meta":{"footnotes":""},"categories":[982,442],"tags":[],"class_list":["post-678","post","type-post","status-publish","format-standard","hentry","category-infantil","category-villa-lobos"],"_links":{"self":[{"href":"https:\/\/www.toque-musicall.com\/index.php?rest_route=\/wp\/v2\/posts\/678","targetHints":{"allow":["GET"]}}],"collection":[{"href":"https:\/\/www.toque-musicall.com\/index.php?rest_route=\/wp\/v2\/posts"}],"about":[{"href":"https:\/\/www.toque-musicall.com\/index.php?rest_route=\/wp\/v2\/types\/post"}],"author":[{"embeddable":true,"href":"https:\/\/www.toque-musicall.com\/index.php?rest_route=\/wp\/v2\/users\/1"}],"replies":[{"embeddable":true,"href":"https:\/\/www.toque-musicall.com\/index.php?rest_route=%2Fwp%2Fv2%2Fcomments&post=678"}],"version-history":[{"count":0,"href":"https:\/\/www.toque-musicall.com\/index.php?rest_route=\/wp\/v2\/posts\/678\/revisions"}],"wp:attachment":[{"href":"https:\/\/www.toque-musicall.com\/index.php?rest_route=%2Fwp%2Fv2%2Fmedia&parent=678"}],"wp:term":[{"taxonomy":"category","embeddable":true,"href":"https:\/\/www.toque-musicall.com\/index.php?rest_route=%2Fwp%2Fv2%2Fcategories&post=678"},{"taxonomy":"post_tag","embeddable":true,"href":"https:\/\/www.toque-musicall.com\/index.php?rest_route=%2Fwp%2Fv2%2Ftags&post=678"}],"curies":[{"name":"wp","href":"https:\/\/api.w.org\/{rel}","templated":true}]}}