{"id":6788,"date":"2019-05-31T14:01:45","date_gmt":"2019-05-31T17:01:45","guid":{"rendered":"http:\/\/www.toque-musicall.com\/?p=6788"},"modified":"2019-06-30T14:05:19","modified_gmt":"2019-06-30T17:05:19","slug":"o-espirito-da-coisa-1986","status":"publish","type":"post","link":"https:\/\/www.toque-musicall.com\/?p=6788","title":{"rendered":"O Esp\u00edrito Da Coisa (1986)"},"content":{"rendered":"\n<figure class=\"wp-block-image\"><img decoding=\"async\" src=\"https:\/\/1.bp.blogspot.com\/-SlkJ8zFSeNE\/XRipvJEQ5-I\/AAAAAAAAPxA\/DmouZGLyi5MYPV2hO3JN4wJi3jIJxYjWQCLcBGAs\/s640\/Anota%25C3%25A7%25C3%25A3o%2B2019-06-30%2B092902.jpg\" alt=\"\"\/><\/figure>\n\n\n\n<figure class=\"wp-block-image\"><img decoding=\"async\" src=\"https:\/\/1.bp.blogspot.com\/-WxykEnWZz7w\/XRipu1fs06I\/AAAAAAAAPw8\/pO5BEBKJdegcsyvQO2Icrh0Y6HMTscSJQCLcBGAs\/s640\/Anota%25C3%25A7%25C3%25A3o%2B2019-06-30%2B092954.jpg\" alt=\"\"\/><\/figure>\n\n\n<p>Ol\u00e1, amigos cultos e ocultos! O Toque Musical traz hoje o \u00fanico LP do Esp\u00edrito da Coisa, banda de pop-rock formada em meados da d\u00e9cada de 1980, no Rio de Janeiro. Formado pelos vocalistas Cl\u00e1udio Barreto, Dila Guerra, Katita Moraes e Victor, mais Paulo Corr\u00eaa (guitarra, piano, viol\u00e3o, flauta e voz), Guilherme Br\u00edcio (teclados, saxofone e flauta), Cl\u00e1udio Matheus (baixo) e Sobral (bateria e percuss\u00e3o), o grupo apareceu pela primeira vez em disco no \u00e1lbum misto \u201cInd\u00fastria do rock\u201d, de 1985, interpretando a faixa \u201cVer\u00f4nica\u201d. Nesse mesmo ano, O Esp\u00edrito da Coisa lan\u00e7ou em compacto simples seu \u00fanico sucesso, \u201cLigeiramente gr\u00e1vida\u201d, justamente a faixa que abre este \u00fanico \u00e1lbum da banda, editado em 1986 pela Top Tape. A proposta deles, como se poder\u00e1 notar ouvindo este disco, era a mesma da Blitz, ou seja, can\u00e7\u00f5es leves com letras bem-humoradas, e at\u00e9 mesmo com pitadas de cr\u00edtica social, como se percebe nas faixas \u201cMimi trotskista\u201d e \u201cSal\u00e1rio m\u00ednimo\u201d. Enfim, \u00e9 um disco que vale a pena baixar e ouvir.<\/p>\n<div style=\"text-align: center;\">ligeiramente gravida<\/div>\n<div style=\"text-align: center;\">manga com leite<\/div>\n<div style=\"text-align: center;\">lady newton<\/div>\n<div style=\"text-align: center;\">benedito<\/div>\n<div style=\"text-align: center;\">sal\u00e1rio m\u00ednimo<\/div>\n<div style=\"text-align: center;\">e agora jos\u00e9<\/div>\n<div style=\"text-align: center;\">teresa<\/div>\n<div style=\"text-align: center;\">z\u00e9 roberto<\/div>\n<div style=\"text-align: center;\">nene<\/div>\n<div style=\"text-align: center;\">mimi trotskista<\/div>\n<p><br \/><br \/><br \/>*Texto de Samuel Machado Filho<\/p>","protected":false},"excerpt":{"rendered":"<p>Ol\u00e1, amigos cultos e ocultos! O Toque Musical traz hoje o \u00fanico LP do Esp\u00edrito da Coisa, banda de pop-rock formada em meados da d\u00e9cada de 1980, no Rio de Janeiro. Formado pelos vocalistas Cl\u00e1udio Barreto, Dila Guerra, Katita Moraes &hellip; <a href=\"https:\/\/www.toque-musicall.com\/?p=6788\">Continue lendo <span class=\"meta-nav\">&rarr;<\/span><\/a><\/p>\n","protected":false},"author":1,"featured_media":0,"comment_status":"closed","ping_status":"closed","sticky":false,"template":"","format":"standard","meta":{"footnotes":""},"categories":[3131,193],"tags":[3132,3133],"class_list":["post-6788","post","type-post","status-publish","format-standard","hentry","category-o-espirito-da-coisa","category-selo-top-tape","tag-o-espirito-da-coisa","tag-selo-top-tape"],"_links":{"self":[{"href":"https:\/\/www.toque-musicall.com\/index.php?rest_route=\/wp\/v2\/posts\/6788","targetHints":{"allow":["GET"]}}],"collection":[{"href":"https:\/\/www.toque-musicall.com\/index.php?rest_route=\/wp\/v2\/posts"}],"about":[{"href":"https:\/\/www.toque-musicall.com\/index.php?rest_route=\/wp\/v2\/types\/post"}],"author":[{"embeddable":true,"href":"https:\/\/www.toque-musicall.com\/index.php?rest_route=\/wp\/v2\/users\/1"}],"replies":[{"embeddable":true,"href":"https:\/\/www.toque-musicall.com\/index.php?rest_route=%2Fwp%2Fv2%2Fcomments&post=6788"}],"version-history":[{"count":1,"href":"https:\/\/www.toque-musicall.com\/index.php?rest_route=\/wp\/v2\/posts\/6788\/revisions"}],"predecessor-version":[{"id":6789,"href":"https:\/\/www.toque-musicall.com\/index.php?rest_route=\/wp\/v2\/posts\/6788\/revisions\/6789"}],"wp:attachment":[{"href":"https:\/\/www.toque-musicall.com\/index.php?rest_route=%2Fwp%2Fv2%2Fmedia&parent=6788"}],"wp:term":[{"taxonomy":"category","embeddable":true,"href":"https:\/\/www.toque-musicall.com\/index.php?rest_route=%2Fwp%2Fv2%2Fcategories&post=6788"},{"taxonomy":"post_tag","embeddable":true,"href":"https:\/\/www.toque-musicall.com\/index.php?rest_route=%2Fwp%2Fv2%2Ftags&post=6788"}],"curies":[{"name":"wp","href":"https:\/\/api.w.org\/{rel}","templated":true}]}}