{"id":68,"date":"2012-05-11T02:27:00","date_gmt":"2012-05-11T02:27:00","guid":{"rendered":"http:\/\/www.toque-musicall.com\/?p=68"},"modified":"2012-05-11T02:27:00","modified_gmt":"2012-05-11T02:27:00","slug":"benedito-costa-homenageia-o-imortal-ataulfo-alves-197","status":"publish","type":"post","link":"https:\/\/www.toque-musicall.com\/?p=68","title":{"rendered":"Benedito Costa &#8211; Homenageia O Imortal Ataulfo Alves (197..)"},"content":{"rendered":"<div style=\"clear: both; text-align: center;\"><a href=\"http:\/\/1.bp.blogspot.com\/-l2TsbpcPtKs\/T6xxio030fI\/AAAAAAAACC0\/we5_cdXUxBA\/s1600\/BeneFP.JPG\" style=\"margin-left: 1em; margin-right: 1em;\"><img loading=\"lazy\" decoding=\"async\" border=\"0\" height=\"393\" src=\"http:\/\/1.bp.blogspot.com\/-l2TsbpcPtKs\/T6xxio030fI\/AAAAAAAACC0\/we5_cdXUxBA\/s400\/BeneFP.JPG\" width=\"400\" \/><\/a><\/div>\n<div style=\"clear: both; text-align: center;\"><a href=\"http:\/\/4.bp.blogspot.com\/-83HJKXAnjEY\/T6xxK8pH7ZI\/AAAAAAAACCs\/jyd3R08YSGw\/s1600\/BeneBp.JPG\" style=\"margin-left: 1em; margin-right: 1em;\"><img loading=\"lazy\" decoding=\"async\" border=\"0\" height=\"390\" src=\"http:\/\/4.bp.blogspot.com\/-83HJKXAnjEY\/T6xxK8pH7ZI\/AAAAAAAACCs\/jyd3R08YSGw\/s400\/BeneBp.JPG\" width=\"400\" \/><\/a><\/div>\n<p>Boa noite a todos! Eu como sempre chego na \u00faltima hora, mas como bom mineiro, n\u00e3o sou de perder o trem. E o trem hoje \u00e9 b\u00e3o, voc\u00eas v\u00e3o ver (e ouvir, claro). Estou exausto, trabalhei que nem gente grande, mas vamos l\u00e1&#8230;<br \/>Meio que por acaso, escolhi este \u00e1lbum do cavaquinista Benedito Costa. Aqui ele homenageia um dos maiores compositores brasileiros, o imortal Ataulfo Alves. S\u00e3o doze m\u00fasicas escolhidas a dedo por Benedito e excepcionalmente para um selo que s\u00f3 gravava m\u00fasica sertaneja, o Calif\u00f3rnia. Eu n\u00e3o consegui localizar a data de lan\u00e7amento do \u00e1lbum, mas acredito que tenha feito sua estr\u00e9ia no in\u00edcio do anos 70. Benedito Costa, um mestre no cavaquinho nos apresenta, de maneira totalmente instrumental, uma sele\u00e7\u00e3o de cl\u00e1ssicos de Ataulfo. Benedito,\u00a0que\u00a0vem acompanhado por um regional bem bacana e d\u00e1 \u00e0 grava\u00e7\u00e3o um sabor mais pr\u00f3ximo do gosto do Mestre.<br \/>Putz! O sono chegou pra valer! Mas ser\u00e1 o Benedito? Ainda tenho que tomar um banho antes de cair na cama. Vou ficando por aqui. J\u00e1 sabem, quem quiser, basta avisar. T\u00f4 cheio de solicita\u00e7\u00f5es para atender, mas essas ficar\u00e3o para o fim de semana. Tenha paci\u00eancia, ok?<\/p>\n<div style=\"text-align: center;\">meus tempos de crian\u00e7a<\/div>\n<div style=\"text-align: center;\">a\u00ed que saudade da am\u00e9lia<\/div>\n<div style=\"text-align: center;\">\u00e9 hoje<\/div>\n<div style=\"text-align: center;\">atire a primeira pedra<\/div>\n<div style=\"text-align: center;\">leva meu samba<\/div>\n<div style=\"text-align: center;\">mulata assanhada<\/div>\n<div style=\"text-align: center;\">voc\u00ea passa eu acho gra\u00e7a<\/div>\n<div style=\"text-align: center;\">sei que \u00e9 covardia<\/div>\n<div style=\"text-align: center;\">vai na paz de deus<\/div>\n<div style=\"text-align: center;\">vida minha vida<\/div>\n<div style=\"text-align: center;\">laranja madura<\/div>\n<div style=\"text-align: center;\">pois \u00e9<\/div>\n","protected":false},"excerpt":{"rendered":"<p>Boa noite a todos! Eu como sempre chego na \u00faltima hora, mas como bom mineiro, n\u00e3o sou de perder o trem. E o trem hoje \u00e9 b\u00e3o, voc\u00eas v\u00e3o ver (e ouvir, claro). Estou exausto, trabalhei que nem gente grande, &hellip; <a href=\"https:\/\/www.toque-musicall.com\/?p=68\">Continue lendo <span class=\"meta-nav\">&rarr;<\/span><\/a><\/p>\n","protected":false},"author":1,"featured_media":0,"comment_status":"open","ping_status":"closed","sticky":false,"template":"","format":"standard","meta":{"footnotes":""},"categories":[101,99,100],"tags":[],"class_list":["post-68","post","type-post","status-publish","format-standard","hentry","category-ataulfo-alves","category-benedito-costa","category-selo-california"],"_links":{"self":[{"href":"https:\/\/www.toque-musicall.com\/index.php?rest_route=\/wp\/v2\/posts\/68","targetHints":{"allow":["GET"]}}],"collection":[{"href":"https:\/\/www.toque-musicall.com\/index.php?rest_route=\/wp\/v2\/posts"}],"about":[{"href":"https:\/\/www.toque-musicall.com\/index.php?rest_route=\/wp\/v2\/types\/post"}],"author":[{"embeddable":true,"href":"https:\/\/www.toque-musicall.com\/index.php?rest_route=\/wp\/v2\/users\/1"}],"replies":[{"embeddable":true,"href":"https:\/\/www.toque-musicall.com\/index.php?rest_route=%2Fwp%2Fv2%2Fcomments&post=68"}],"version-history":[{"count":0,"href":"https:\/\/www.toque-musicall.com\/index.php?rest_route=\/wp\/v2\/posts\/68\/revisions"}],"wp:attachment":[{"href":"https:\/\/www.toque-musicall.com\/index.php?rest_route=%2Fwp%2Fv2%2Fmedia&parent=68"}],"wp:term":[{"taxonomy":"category","embeddable":true,"href":"https:\/\/www.toque-musicall.com\/index.php?rest_route=%2Fwp%2Fv2%2Fcategories&post=68"},{"taxonomy":"post_tag","embeddable":true,"href":"https:\/\/www.toque-musicall.com\/index.php?rest_route=%2Fwp%2Fv2%2Ftags&post=68"}],"curies":[{"name":"wp","href":"https:\/\/api.w.org\/{rel}","templated":true}]}}